{"id":1008,"date":"2024-05-17T08:31:19","date_gmt":"2024-05-17T13:31:19","guid":{"rendered":"https:\/\/ucentral.org\/informativo\/?p=1008"},"modified":"2024-05-17T08:31:19","modified_gmt":"2024-05-17T13:31:19","slug":"extension-del-plazo-para-el-pago-de-ordenes-de-cobro-de-matriculas-correspondientes-al-periodo-2024-2024-desde-el-17-al-23-de-mayo-de-2024","status":"publish","type":"post","link":"https:\/\/ucentral.org\/informativo\/index.php\/2024\/05\/17\/extension-del-plazo-para-el-pago-de-ordenes-de-cobro-de-matriculas-correspondientes-al-periodo-2024-2024-desde-el-17-al-23-de-mayo-de-2024\/","title":{"rendered":"Extensi\u00f3n del plazo para el pago de \u00f3rdenes de cobro de matr\u00edculas correspondientes al per\u00edodo 2024-2024, desde el 17 al 23 de mayo de 2024"},"content":{"rendered":"\n<p>El se\u00f1or Rector autoriza &#8220;ad referendum&#8221; la extensi\u00f3n del plazo para el pago de \u00f3rdenes de cobro de matr\u00edculas correspondientes al per\u00edodo 2024-2024, desde el 17 al 23 de mayo de 2024, remito esta informaci\u00f3n para que sea socializada con la comunidad universitaria. Se recomienda informar a los estudiantes que revisen los correos institucionales en donde les llegar\u00e1 la notificaci\u00f3n que se ha generado la orden de cobro, para proceder al pago deben ingresar al Sistema Acad\u00e9mico del SIIU, generar e imprimirla.<\/p>\n","protected":false},"excerpt":{"rendered":"<p>El se\u00f1or Rector autoriza &#8220;ad referendum&#8221; la extensi\u00f3n del plazo para el pago de \u00f3rdenes de cobro de matr\u00edculas correspondientes al per\u00edodo 2024-2024, desde el 17 al 23 de mayo de 2024, remito esta informaci\u00f3n para que sea socializada con la comunidad universitaria. Se recomienda informar a los estudiantes que revisen los correos institucionales en [&hellip;]<\/p>\n","protected":false},"author":2,"featured_media":1009,"comment_status":"closed","ping_status":"closed","sticky":false,"template":"","format":"standard","meta":{"footnotes":""},"categories":[6],"tags":[237,236],"class_list":["post-1008","post","type-post","status-publish","format-standard","has-post-thumbnail","hentry","category-noticias","tag-matricula","tag-pago"],"_links":{"self":[{"href":"https:\/\/ucentral.org\/informativo\/index.php\/wp-json\/wp\/v2\/posts\/1008","targetHints":{"allow":["GET"]}}],"collection":[{"href":"https:\/\/ucentral.org\/informativo\/index.php\/wp-json\/wp\/v2\/posts"}],"about":[{"href":"https:\/\/ucentral.org\/informativo\/index.php\/wp-json\/wp\/v2\/types\/post"}],"author":[{"embeddable":true,"href":"https:\/\/ucentral.org\/informativo\/index.php\/wp-json\/wp\/v2\/users\/2"}],"replies":[{"embeddable":true,"href":"https:\/\/ucentral.org\/informativo\/index.php\/wp-json\/wp\/v2\/comments?post=1008"}],"version-history":[{"count":1,"href":"https:\/\/ucentral.org\/informativo\/index.php\/wp-json\/wp\/v2\/posts\/1008\/revisions"}],"predecessor-version":[{"id":1010,"href":"https:\/\/ucentral.org\/informativo\/index.php\/wp-json\/wp\/v2\/posts\/1008\/revisions\/1010"}],"wp:featuredmedia":[{"embeddable":true,"href":"https:\/\/ucentral.org\/informativo\/index.php\/wp-json\/wp\/v2\/media\/1009"}],"wp:attachment":[{"href":"https:\/\/ucentral.org\/informativo\/index.php\/wp-json\/wp\/v2\/media?parent=1008"}],"wp:term":[{"taxonomy":"category","embeddable":true,"href":"https:\/\/ucentral.org\/informativo\/index.php\/wp-json\/wp\/v2\/categories?post=1008"},{"taxonomy":"post_tag","embeddable":true,"href":"https:\/\/ucentral.org\/informativo\/index.php\/wp-json\/wp\/v2\/tags?post=1008"}],"curies":[{"name":"wp","href":"https:\/\/api.w.org\/{rel}","templated":true}]}}