{"id":1011,"date":"2024-05-17T14:33:22","date_gmt":"2024-05-17T19:33:22","guid":{"rendered":"https:\/\/ucentral.org\/informativo\/?p=1011"},"modified":"2024-05-18T14:09:31","modified_gmt":"2024-05-18T19:09:31","slug":"charla-informativa-por-parte-del-instituto-academico-de-idiomas-a-la-comunidad-academica-de-la-facultad-de-ciencias","status":"publish","type":"post","link":"https:\/\/ucentral.org\/informativo\/index.php\/2024\/05\/17\/charla-informativa-por-parte-del-instituto-academico-de-idiomas-a-la-comunidad-academica-de-la-facultad-de-ciencias\/","title":{"rendered":"Charla informativa por parte del Instituto Acad\u00e9mico de Idiomas a la comunidad acad\u00e9mica de la Facultad de Ciencias"},"content":{"rendered":"\n<p>La charla tendr\u00e1 una duraci\u00f3n de aproximadamente 30 minutos y se socializar\u00e1 temas como: <br>Proceso del registro de Idiomas e inscripci\u00f3n para Pruebas de Ubicaci\u00f3n <br>Fechas de matr\u00edculas <br>Horarios disponibles <br>Modalidades de estudio <br>Proceso de cambio de idioma <br>Proceso de homologaci\u00f3n y validaci\u00f3n de conocimientos <br>Ofertas de los diferentes idiomas<\/p>\n\n\n\n<p><strong>Lugar: <\/strong>Aula MR -10 de la Facultad de Ciencias<\/p>\n\n\n\n<p><strong>Fechas:<\/strong><br>Mi\u00e9rcoles 29 de mayo a las 9h00<br>Jueves 30 de mayo a las 15H00  <\/p>\n","protected":false},"excerpt":{"rendered":"<p>La charla tendr\u00e1 una duraci\u00f3n de aproximadamente 30 minutos y se socializar\u00e1 temas como: Proceso del registro de Idiomas e inscripci\u00f3n para Pruebas de Ubicaci\u00f3n Fechas de matr\u00edculas Horarios disponibles Modalidades de estudio Proceso de cambio de idioma Proceso de homologaci\u00f3n y validaci\u00f3n de conocimientos Ofertas de los diferentes idiomas Lugar: Aula MR -10 de [&hellip;]<\/p>\n","protected":false},"author":2,"featured_media":1012,"comment_status":"closed","ping_status":"closed","sticky":false,"template":"","format":"standard","meta":{"footnotes":""},"categories":[164,6],"tags":[238],"class_list":["post-1011","post","type-post","status-publish","format-standard","has-post-thumbnail","hentry","category-eventos","category-noticias","tag-idiomas"],"_links":{"self":[{"href":"https:\/\/ucentral.org\/informativo\/index.php\/wp-json\/wp\/v2\/posts\/1011","targetHints":{"allow":["GET"]}}],"collection":[{"href":"https:\/\/ucentral.org\/informativo\/index.php\/wp-json\/wp\/v2\/posts"}],"about":[{"href":"https:\/\/ucentral.org\/informativo\/index.php\/wp-json\/wp\/v2\/types\/post"}],"author":[{"embeddable":true,"href":"https:\/\/ucentral.org\/informativo\/index.php\/wp-json\/wp\/v2\/users\/2"}],"replies":[{"embeddable":true,"href":"https:\/\/ucentral.org\/informativo\/index.php\/wp-json\/wp\/v2\/comments?post=1011"}],"version-history":[{"count":2,"href":"https:\/\/ucentral.org\/informativo\/index.php\/wp-json\/wp\/v2\/posts\/1011\/revisions"}],"predecessor-version":[{"id":1021,"href":"https:\/\/ucentral.org\/informativo\/index.php\/wp-json\/wp\/v2\/posts\/1011\/revisions\/1021"}],"wp:featuredmedia":[{"embeddable":true,"href":"https:\/\/ucentral.org\/informativo\/index.php\/wp-json\/wp\/v2\/media\/1012"}],"wp:attachment":[{"href":"https:\/\/ucentral.org\/informativo\/index.php\/wp-json\/wp\/v2\/media?parent=1011"}],"wp:term":[{"taxonomy":"category","embeddable":true,"href":"https:\/\/ucentral.org\/informativo\/index.php\/wp-json\/wp\/v2\/categories?post=1011"},{"taxonomy":"post_tag","embeddable":true,"href":"https:\/\/ucentral.org\/informativo\/index.php\/wp-json\/wp\/v2\/tags?post=1011"}],"curies":[{"name":"wp","href":"https:\/\/api.w.org\/{rel}","templated":true}]}}