{"id":1018,"date":"2024-05-17T15:04:35","date_gmt":"2024-05-17T20:04:35","guid":{"rendered":"https:\/\/ucentral.org\/informativo\/?p=1018"},"modified":"2024-05-17T15:04:36","modified_gmt":"2024-05-17T20:04:36","slug":"becas-internacionales-para-estudios-en-argentina-y-quebec-canada","status":"publish","type":"post","link":"https:\/\/ucentral.org\/informativo\/index.php\/2024\/05\/17\/becas-internacionales-para-estudios-en-argentina-y-quebec-canada\/","title":{"rendered":"Becas internacionales para estudios en Argentina y Quebec (Canad\u00e1)"},"content":{"rendered":"\n<figure class=\"wp-block-table\"><table><tbody><tr><td><a href=\"https:\/\/oui-iohe.us6.list-manage.com\/track\/click?u=a8eb7b8475a9120b8af4c9efc&amp;id=6603eb526b&amp;e=c5d9b59dce\"><\/a><a href=\"https:\/\/oui-iohe.us6.list-manage.com\/track\/click?u=a8eb7b8475a9120b8af4c9efc&amp;id=bae5db55a2&amp;e=c5d9b59dce\"><\/a>En el marco de su Programa Conjunto de Becas, la&nbsp;<strong>Organizaci\u00f3n Universitaria Interamericana<\/strong>&nbsp;<strong>(OUI)&nbsp;<\/strong>se complace en ofrecer dos posibilidades de estudio en&nbsp;<strong>Argentina&nbsp;<\/strong>(en espa\u00f1ol) y&nbsp;<strong>Quebec\/Canad\u00e1&nbsp;<\/strong>(en franc\u00e9s):<img decoding=\"async\" src=\"https:\/\/mcusercontent.com\/a8eb7b8475a9120b8af4c9efc\/images\/4bfc1671-bc42-07eb-ff67-9f366132e619.png\" width=\"600\"><strong>Caracter\u00edsticas<\/strong>Dirigida a docentes, investigadores y directivos de instituciones de educaci\u00f3n superior miembro de la OUI.La beca cubre el 100% de los costos del programa de posgrado.El beneficiario debe cubrir con el arancel para su titulaci\u00f3n.El programa de estudios se realiza en Presencialidad Remota (A Distancia) con Clases Sincr\u00f3nicas semanales de asistencia obligatoria, y en espa\u00f1ol.<strong>Fechas Importantes<\/strong><strong>Cierre de solicitudes:<\/strong>&nbsp;19 de julio 2024<strong>Entrega de documentaci\u00f3n:<\/strong>&nbsp;26 de julio&nbsp;de 2024<strong>Comunicaci\u00f3n de resultados:&nbsp;<\/strong>29 de julio al 2 de agosto de 2024<strong>Matriculaci\u00f3n:&nbsp;<\/strong>A partir de la comunicaci\u00f3n de resultados<strong>Inicio de clases:<\/strong>&nbsp;Agosto de 2024<strong><a href=\"https:\/\/oui-iohe.us6.list-manage.com\/track\/click?u=a8eb7b8475a9120b8af4c9efc&amp;id=426de0302a&amp;e=c5d9b59dce\">M\u00e1s informaci\u00f3n<\/a><\/strong><\/td><\/tr><tr><td><strong><a href=\"https:\/\/oui-iohe.us6.list-manage.com\/track\/click?u=a8eb7b8475a9120b8af4c9efc&amp;id=4d575f67f3&amp;e=c5d9b59dce\">Formulario de solicitud<\/a><\/strong><img decoding=\"async\" src=\"https:\/\/mcusercontent.com\/a8eb7b8475a9120b8af4c9efc\/images\/7fa8c58f-3573-d267-fb97-07d853382079.png\" width=\"600\">Le&nbsp;<strong>Centre d\u2019\u00e9tudes et de recherches internationales de l\u2019Universit\u00e9 de Montr\u00e9al (C\u00c9RIUM)<\/strong>&nbsp;lance son nouveau programme annuel de r\u00e9sidences de recherche de longue dur\u00e9e pour un ou une chercheur(se) en \u00e9tudes internationales situ\u00e9(e) \u00e0 l\u2019ext\u00e9rieur de Montr\u00e9al.<br><br>Ce s\u00e9jour permet \u00e0 un(e) chercheur(se) du Qu\u00e9bec, du Canada ou de l\u2019international de s\u00e9journer au C\u00c9RIUM pour une dur\u00e9e de 4 \u00e0 8 mois durant l\u2019ann\u00e9e acad\u00e9mique (entre septembre 2024 et mai 2025) pour mener ses recherches au sein de sa communaut\u00e9.<a href=\"https:\/\/oui-iohe.us6.list-manage.com\/track\/click?u=a8eb7b8475a9120b8af4c9efc&amp;id=f88af48353&amp;e=c5d9b59dce\"><\/a><strong><a href=\"https:\/\/oui-iohe.us6.list-manage.com\/track\/click?u=a8eb7b8475a9120b8af4c9efc&amp;id=4998a25390&amp;e=c5d9b59dce\">Plus d&#8217;informations<\/a><\/strong><\/td><\/tr><tr><td><\/td><\/tr><tr><td><strong>BECAS CONJUNTAS OUI<\/strong><br>La OUI invita a su membres\u00eda a unir esfuerzos para el programa&nbsp;<strong>Becas conjuntas de postgrado OUI<\/strong>.<strong>\u00bfQu\u00e9 es el programa conjunto de becas de postgrado OUI?<\/strong>Es una iniciativa que pone&nbsp;a disposici\u00f3n de las IES miembro de la OUI becas para realizar programas de postgrado ofrecidos por otras instituciones miembro, ya sea en modalidad virtual, presencial o h\u00edbrida, con el fin de fortalecer el perfeccionamiento del personal acad\u00e9mico y\/o administrativo de nuestra membres\u00eda. Asimismo, representa una oportunidad de visibilidad y promoci\u00f3n para las IES ofertantes.Si desea m\u00e1s informaci\u00f3n acerca del programa puede contactarnos al correo electr\u00f3nico&nbsp;<strong>academia@oui-iohe.org<\/strong><img decoding=\"async\" src=\"https:\/\/mcusercontent.com\/a8eb7b8475a9120b8af4c9efc\/images\/820a202a-fd32-fcf2-a080-8d55ddb0c2da.png\" width=\"564\"><a href=\"https:\/\/oui-iohe.us6.list-manage.com\/track\/click?u=a8eb7b8475a9120b8af4c9efc&amp;id=129d23e4c8&amp;e=c5d9b59dce\"><\/a><a href=\"https:\/\/oui-iohe.us6.list-manage.com\/track\/click?u=a8eb7b8475a9120b8af4c9efc&amp;id=b2e771a490&amp;e=c5d9b59dce\"><\/a><a href=\"https:\/\/oui-iohe.us6.list-manage.com\/track\/click?u=a8eb7b8475a9120b8af4c9efc&amp;id=81f36086eb&amp;e=c5d9b59dce\"><\/a><a href=\"https:\/\/oui-iohe.us6.list-manage.com\/track\/click?u=a8eb7b8475a9120b8af4c9efc&amp;id=ea0e316ce7&amp;e=c5d9b59dce\"><\/a><a href=\"https:\/\/oui-iohe.us6.list-manage.com\/track\/click?u=a8eb7b8475a9120b8af4c9efc&amp;id=eb2f2f87b6&amp;e=c5d9b59dce\"><\/a><a href=\"https:\/\/oui-iohe.us6.list-manage.com\/track\/click?u=a8eb7b8475a9120b8af4c9efc&amp;id=1261dc8204&amp;e=c5d9b59dce\"><\/a><em>Copyright \u00a9 2024 OUI IOHE, All rights reserved.<\/em><br>Thank you for subscribing&#8230;<strong>Our mailing address is:<\/strong><br>OUI IOHE7077 Avenue du Parc, suite 2043Montr\u00e9al, Qu\u00e9bec H3N&nbsp;1X7Canada<a href=\"https:\/\/oui-iohe.us6.list-manage.com\/vcard?u=a8eb7b8475a9120b8af4c9efc&amp;id=63b1bb4fd3\">Add us to your address book<\/a>Want to change how you receive these emails?<br>You can&nbsp;<a href=\"https:\/\/oui-iohe.us6.list-manage.com\/profile?u=a8eb7b8475a9120b8af4c9efc&amp;id=63b1bb4fd3&amp;e=c5d9b59dce&amp;c=f21e71e871\">update your preferences<\/a>&nbsp;or&nbsp;<a href=\"https:\/\/oui-iohe.us6.list-manage.com\/unsubscribe?u=a8eb7b8475a9120b8af4c9efc&amp;id=63b1bb4fd3&amp;t=b&amp;e=c5d9b59dce&amp;c=f21e71e871\">unsubscribe from this list<\/a>.<\/td><\/tr><\/tbody><\/table><\/figure>\n","protected":false},"excerpt":{"rendered":"<p>En el marco de su Programa Conjunto de Becas, la&nbsp;Organizaci\u00f3n Universitaria Interamericana&nbsp;(OUI)&nbsp;se complace en ofrecer dos posibilidades de estudio en&nbsp;Argentina&nbsp;(en espa\u00f1ol) y&nbsp;Quebec\/Canad\u00e1&nbsp;(en franc\u00e9s):Caracter\u00edsticasDirigida a docentes, investigadores y directivos de instituciones de educaci\u00f3n superior miembro de la OUI.La beca cubre el 100% de los costos del programa de posgrado.El beneficiario debe cubrir con el arancel para [&hellip;]<\/p>\n","protected":false},"author":2,"featured_media":1019,"comment_status":"closed","ping_status":"closed","sticky":false,"template":"","format":"standard","meta":{"footnotes":""},"categories":[19,213,6],"tags":[171],"class_list":["post-1018","post","type-post","status-publish","format-standard","has-post-thumbnail","hentry","category-becas","category-convocatoria","category-noticias","tag-becas"],"_links":{"self":[{"href":"https:\/\/ucentral.org\/informativo\/index.php\/wp-json\/wp\/v2\/posts\/1018","targetHints":{"allow":["GET"]}}],"collection":[{"href":"https:\/\/ucentral.org\/informativo\/index.php\/wp-json\/wp\/v2\/posts"}],"about":[{"href":"https:\/\/ucentral.org\/informativo\/index.php\/wp-json\/wp\/v2\/types\/post"}],"author":[{"embeddable":true,"href":"https:\/\/ucentral.org\/informativo\/index.php\/wp-json\/wp\/v2\/users\/2"}],"replies":[{"embeddable":true,"href":"https:\/\/ucentral.org\/informativo\/index.php\/wp-json\/wp\/v2\/comments?post=1018"}],"version-history":[{"count":1,"href":"https:\/\/ucentral.org\/informativo\/index.php\/wp-json\/wp\/v2\/posts\/1018\/revisions"}],"predecessor-version":[{"id":1020,"href":"https:\/\/ucentral.org\/informativo\/index.php\/wp-json\/wp\/v2\/posts\/1018\/revisions\/1020"}],"wp:featuredmedia":[{"embeddable":true,"href":"https:\/\/ucentral.org\/informativo\/index.php\/wp-json\/wp\/v2\/media\/1019"}],"wp:attachment":[{"href":"https:\/\/ucentral.org\/informativo\/index.php\/wp-json\/wp\/v2\/media?parent=1018"}],"wp:term":[{"taxonomy":"category","embeddable":true,"href":"https:\/\/ucentral.org\/informativo\/index.php\/wp-json\/wp\/v2\/categories?post=1018"},{"taxonomy":"post_tag","embeddable":true,"href":"https:\/\/ucentral.org\/informativo\/index.php\/wp-json\/wp\/v2\/tags?post=1018"}],"curies":[{"name":"wp","href":"https:\/\/api.w.org\/{rel}","templated":true}]}}