{"id":1088,"date":"2024-06-05T08:55:47","date_gmt":"2024-06-05T13:55:47","guid":{"rendered":"https:\/\/ucentral.org\/informativo\/?p=1088"},"modified":"2024-06-05T08:55:47","modified_gmt":"2024-06-05T13:55:47","slug":"simposio-archivos-e-historia","status":"publish","type":"post","link":"https:\/\/ucentral.org\/informativo\/index.php\/2024\/06\/05\/simposio-archivos-e-historia\/","title":{"rendered":"Simposio: Archivos e Historia"},"content":{"rendered":"\n<p>El Archivo General de la Universidad Central del Ecuador, conjuntamente con las Facultades de Filosof\u00eda, Letras y Ciencias de la Educaci\u00f3n y de Ciencias Sociales y Humanas, ha organizado la realizaci\u00f3n de un Simposio bajo el tema: \u201cARCHIVOS E HISTORIA\u201d, el mismo que contar\u00e1 con la participaci\u00f3n de destacados expositores del \u00e1rea acad\u00e9mica de la investigaci\u00f3n hist\u00f3rica y de los archivos.<\/p>\n","protected":false},"excerpt":{"rendered":"<p>El Archivo General de la Universidad Central del Ecuador, conjuntamente con las Facultades de Filosof\u00eda, Letras y Ciencias de la Educaci\u00f3n y de Ciencias Sociales y Humanas, ha organizado la realizaci\u00f3n de un Simposio bajo el tema: \u201cARCHIVOS E HISTORIA\u201d, el mismo que contar\u00e1 con la participaci\u00f3n de destacados expositores del \u00e1rea acad\u00e9mica de la [&hellip;]<\/p>\n","protected":false},"author":2,"featured_media":1089,"comment_status":"closed","ping_status":"closed","sticky":false,"template":"","format":"standard","meta":{"footnotes":""},"categories":[164,6],"tags":[254,253],"class_list":["post-1088","post","type-post","status-publish","format-standard","has-post-thumbnail","hentry","category-eventos","category-noticias","tag-archivos-e-historia","tag-simposio"],"_links":{"self":[{"href":"https:\/\/ucentral.org\/informativo\/index.php\/wp-json\/wp\/v2\/posts\/1088","targetHints":{"allow":["GET"]}}],"collection":[{"href":"https:\/\/ucentral.org\/informativo\/index.php\/wp-json\/wp\/v2\/posts"}],"about":[{"href":"https:\/\/ucentral.org\/informativo\/index.php\/wp-json\/wp\/v2\/types\/post"}],"author":[{"embeddable":true,"href":"https:\/\/ucentral.org\/informativo\/index.php\/wp-json\/wp\/v2\/users\/2"}],"replies":[{"embeddable":true,"href":"https:\/\/ucentral.org\/informativo\/index.php\/wp-json\/wp\/v2\/comments?post=1088"}],"version-history":[{"count":1,"href":"https:\/\/ucentral.org\/informativo\/index.php\/wp-json\/wp\/v2\/posts\/1088\/revisions"}],"predecessor-version":[{"id":1090,"href":"https:\/\/ucentral.org\/informativo\/index.php\/wp-json\/wp\/v2\/posts\/1088\/revisions\/1090"}],"wp:featuredmedia":[{"embeddable":true,"href":"https:\/\/ucentral.org\/informativo\/index.php\/wp-json\/wp\/v2\/media\/1089"}],"wp:attachment":[{"href":"https:\/\/ucentral.org\/informativo\/index.php\/wp-json\/wp\/v2\/media?parent=1088"}],"wp:term":[{"taxonomy":"category","embeddable":true,"href":"https:\/\/ucentral.org\/informativo\/index.php\/wp-json\/wp\/v2\/categories?post=1088"},{"taxonomy":"post_tag","embeddable":true,"href":"https:\/\/ucentral.org\/informativo\/index.php\/wp-json\/wp\/v2\/tags?post=1088"}],"curies":[{"name":"wp","href":"https:\/\/api.w.org\/{rel}","templated":true}]}}