{"id":1103,"date":"2024-06-05T19:39:18","date_gmt":"2024-06-06T00:39:18","guid":{"rendered":"https:\/\/ucentral.org\/informativo\/?p=1103"},"modified":"2024-06-05T19:39:18","modified_gmt":"2024-06-06T00:39:18","slug":"charla-informativa-becas-y-estudios-en-paises-francofonos","status":"publish","type":"post","link":"https:\/\/ucentral.org\/informativo\/index.php\/2024\/06\/05\/charla-informativa-becas-y-estudios-en-paises-francofonos\/","title":{"rendered":"Charla informativa: Becas y estudios en pa\u00edses franc\u00f3fonos"},"content":{"rendered":"\n<p>CHARLA INFORMATIVA relacionada con la oportunidad de becas y estudios en pa\u00edses franc\u00f3fonos dirigido para los estudiantes de la comunidad universitaria. <\/p>\n\n\n\n<p>Esta Charla se realizar\u00e1 el mi\u00e9rcoles 12 de junio de 2024 a las 10h00 en la Sala de Uso M\u00faltiple del Instituto Acad\u00e9mico de Idiomas.<\/p>\n","protected":false},"excerpt":{"rendered":"<p>CHARLA INFORMATIVA relacionada con la oportunidad de becas y estudios en pa\u00edses franc\u00f3fonos dirigido para los estudiantes de la comunidad universitaria. Esta Charla se realizar\u00e1 el mi\u00e9rcoles 12 de junio de 2024 a las 10h00 en la Sala de Uso M\u00faltiple del Instituto Acad\u00e9mico de Idiomas.<\/p>\n","protected":false},"author":2,"featured_media":1104,"comment_status":"closed","ping_status":"closed","sticky":false,"template":"","format":"standard","meta":{"footnotes":""},"categories":[19,164,6],"tags":[171,257,256],"class_list":["post-1103","post","type-post","status-publish","format-standard","has-post-thumbnail","hentry","category-becas","category-eventos","category-noticias","tag-becas","tag-frances","tag-francofonos"],"_links":{"self":[{"href":"https:\/\/ucentral.org\/informativo\/index.php\/wp-json\/wp\/v2\/posts\/1103","targetHints":{"allow":["GET"]}}],"collection":[{"href":"https:\/\/ucentral.org\/informativo\/index.php\/wp-json\/wp\/v2\/posts"}],"about":[{"href":"https:\/\/ucentral.org\/informativo\/index.php\/wp-json\/wp\/v2\/types\/post"}],"author":[{"embeddable":true,"href":"https:\/\/ucentral.org\/informativo\/index.php\/wp-json\/wp\/v2\/users\/2"}],"replies":[{"embeddable":true,"href":"https:\/\/ucentral.org\/informativo\/index.php\/wp-json\/wp\/v2\/comments?post=1103"}],"version-history":[{"count":1,"href":"https:\/\/ucentral.org\/informativo\/index.php\/wp-json\/wp\/v2\/posts\/1103\/revisions"}],"predecessor-version":[{"id":1105,"href":"https:\/\/ucentral.org\/informativo\/index.php\/wp-json\/wp\/v2\/posts\/1103\/revisions\/1105"}],"wp:featuredmedia":[{"embeddable":true,"href":"https:\/\/ucentral.org\/informativo\/index.php\/wp-json\/wp\/v2\/media\/1104"}],"wp:attachment":[{"href":"https:\/\/ucentral.org\/informativo\/index.php\/wp-json\/wp\/v2\/media?parent=1103"}],"wp:term":[{"taxonomy":"category","embeddable":true,"href":"https:\/\/ucentral.org\/informativo\/index.php\/wp-json\/wp\/v2\/categories?post=1103"},{"taxonomy":"post_tag","embeddable":true,"href":"https:\/\/ucentral.org\/informativo\/index.php\/wp-json\/wp\/v2\/tags?post=1103"}],"curies":[{"name":"wp","href":"https:\/\/api.w.org\/{rel}","templated":true}]}}