{"id":1116,"date":"2024-06-11T13:12:52","date_gmt":"2024-06-11T18:12:52","guid":{"rendered":"https:\/\/ucentral.org\/informativo\/?p=1116"},"modified":"2024-06-11T13:20:06","modified_gmt":"2024-06-11T18:20:06","slug":"inauguracion-del-periodo-de-nivelacion-de-la-facultad-de-ciencias","status":"publish","type":"post","link":"https:\/\/ucentral.org\/informativo\/index.php\/2024\/06\/11\/inauguracion-del-periodo-de-nivelacion-de-la-facultad-de-ciencias\/","title":{"rendered":"Inauguraci\u00f3n del periodo de nivelaci\u00f3n de la Facultad de Ciencias"},"content":{"rendered":"\n<p>Con la presencia de docentes, estudiantes y de las autoridades de la Facultad de Ciencias de la Universidad Central del Ecuador se inaugur\u00f3 el pasado lunes 10 de junio el periodo de nivelaci\u00f3n para la carrera de Matem\u00e1ticas, el cual tiene como objetivo preparar a los estudiantes que ingresan a la carrera en los conocimientos y habilidades fundamentales. <\/p>\n\n\n\n<p>Las autoridades destacaron la importancia de este periodo de nivelaci\u00f3n para el \u00e9xito acad\u00e9mico de los estudiantes. Durante las pr\u00f3ximas semanas, los estudiantes participar\u00e1n en clases te\u00f3ricas y pr\u00e1cticas, que les permitir\u00e1n fortalecer sus habilidades y desarrollar una base s\u00f3lida para su formaci\u00f3n acad\u00e9mica y profesional. As\u00ed mismo, la presidente de la Asociaci\u00f3n de Estudiantes augur\u00f3 \u00e9xitos a sus nuevos compa\u00f1eros.<\/p>\n\n\n\n<p>Adem\u00e1s, el se\u00f1or decano dio a conocer las distintas l\u00edneas de acci\u00f3n que ha emprendido la Facultad con el fin de alcanzar los objetivos propuestos.<\/p>\n\n\n\n<figure class=\"wp-block-gallery has-nested-images columns-default is-cropped wp-block-gallery-1 is-layout-flex wp-block-gallery-is-layout-flex\">\n<figure class=\"wp-block-image size-large\"><img loading=\"lazy\" decoding=\"async\" width=\"1024\" height=\"675\" data-id=\"1118\" src=\"https:\/\/ucentral.org\/informativo\/wp-content\/uploads\/2024\/06\/nivelacion01web-1024x675.png\" alt=\"\" class=\"wp-image-1118\" srcset=\"https:\/\/ucentral.org\/informativo\/wp-content\/uploads\/2024\/06\/nivelacion01web-1024x675.png 1024w, https:\/\/ucentral.org\/informativo\/wp-content\/uploads\/2024\/06\/nivelacion01web-300x198.png 300w, https:\/\/ucentral.org\/informativo\/wp-content\/uploads\/2024\/06\/nivelacion01web-768x506.png 768w, https:\/\/ucentral.org\/informativo\/wp-content\/uploads\/2024\/06\/nivelacion01web.png 1285w\" sizes=\"auto, (max-width: 1024px) 100vw, 1024px\" \/><figcaption class=\"wp-element-caption\">Dra. Miriam Montenegro<\/figcaption><\/figure>\n\n\n\n<figure class=\"wp-block-image size-large\"><img loading=\"lazy\" decoding=\"async\" width=\"1024\" height=\"568\" data-id=\"1119\" src=\"https:\/\/ucentral.org\/informativo\/wp-content\/uploads\/2024\/06\/nivelacion02Fweb-1024x568.png\" alt=\"\" class=\"wp-image-1119\" srcset=\"https:\/\/ucentral.org\/informativo\/wp-content\/uploads\/2024\/06\/nivelacion02Fweb-1024x568.png 1024w, https:\/\/ucentral.org\/informativo\/wp-content\/uploads\/2024\/06\/nivelacion02Fweb-300x166.png 300w, https:\/\/ucentral.org\/informativo\/wp-content\/uploads\/2024\/06\/nivelacion02Fweb-768x426.png 768w, https:\/\/ucentral.org\/informativo\/wp-content\/uploads\/2024\/06\/nivelacion02Fweb.png 1535w\" sizes=\"auto, (max-width: 1024px) 100vw, 1024px\" \/><figcaption class=\"wp-element-caption\">Franz Del Pozo &#8211; Decano<\/figcaption><\/figure>\n\n\n\n<figure class=\"wp-block-image size-large\"><img loading=\"lazy\" decoding=\"async\" width=\"1024\" height=\"690\" data-id=\"1120\" src=\"https:\/\/ucentral.org\/informativo\/wp-content\/uploads\/2024\/06\/nivelacion03Fweb-1024x690.png\" alt=\"\" class=\"wp-image-1120\" srcset=\"https:\/\/ucentral.org\/informativo\/wp-content\/uploads\/2024\/06\/nivelacion03Fweb-1024x690.png 1024w, https:\/\/ucentral.org\/informativo\/wp-content\/uploads\/2024\/06\/nivelacion03Fweb-300x202.png 300w, https:\/\/ucentral.org\/informativo\/wp-content\/uploads\/2024\/06\/nivelacion03Fweb-768x518.png 768w, https:\/\/ucentral.org\/informativo\/wp-content\/uploads\/2024\/06\/nivelacion03Fweb-305x207.png 305w, https:\/\/ucentral.org\/informativo\/wp-content\/uploads\/2024\/06\/nivelacion03Fweb-622x420.png 622w, https:\/\/ucentral.org\/informativo\/wp-content\/uploads\/2024\/06\/nivelacion03Fweb.png 1343w\" sizes=\"auto, (max-width: 1024px) 100vw, 1024px\" \/><figcaption class=\"wp-element-caption\">Estudiantes de Nivelaci\u00f3n<\/figcaption><\/figure>\n\n\n\n<figure class=\"wp-block-image size-large\"><img loading=\"lazy\" decoding=\"async\" width=\"1024\" height=\"640\" data-id=\"1122\" src=\"https:\/\/ucentral.org\/informativo\/wp-content\/uploads\/2024\/06\/nivelacion05-web-1024x640.png\" alt=\"\" class=\"wp-image-1122\" srcset=\"https:\/\/ucentral.org\/informativo\/wp-content\/uploads\/2024\/06\/nivelacion05-web-1024x640.png 1024w, https:\/\/ucentral.org\/informativo\/wp-content\/uploads\/2024\/06\/nivelacion05-web-300x187.png 300w, https:\/\/ucentral.org\/informativo\/wp-content\/uploads\/2024\/06\/nivelacion05-web-768x480.png 768w, https:\/\/ucentral.org\/informativo\/wp-content\/uploads\/2024\/06\/nivelacion05-web.png 1492w\" sizes=\"auto, (max-width: 1024px) 100vw, 1024px\" \/><figcaption class=\"wp-element-caption\">Dr. Iv\u00e1n Naula &#8211; Subdecano<\/figcaption><\/figure>\n\n\n\n<figure class=\"wp-block-image size-large\"><img loading=\"lazy\" decoding=\"async\" width=\"1024\" height=\"576\" data-id=\"1123\" src=\"https:\/\/ucentral.org\/informativo\/wp-content\/uploads\/2024\/06\/nivelacion06Fweb-1024x576.png\" alt=\"\" class=\"wp-image-1123\" srcset=\"https:\/\/ucentral.org\/informativo\/wp-content\/uploads\/2024\/06\/nivelacion06Fweb-1024x576.png 1024w, https:\/\/ucentral.org\/informativo\/wp-content\/uploads\/2024\/06\/nivelacion06Fweb-300x169.png 300w, https:\/\/ucentral.org\/informativo\/wp-content\/uploads\/2024\/06\/nivelacion06Fweb-768x432.png 768w, https:\/\/ucentral.org\/informativo\/wp-content\/uploads\/2024\/06\/nivelacion06Fweb-1536x865.png 1536w, https:\/\/ucentral.org\/informativo\/wp-content\/uploads\/2024\/06\/nivelacion06Fweb-555x311.png 555w, https:\/\/ucentral.org\/informativo\/wp-content\/uploads\/2024\/06\/nivelacion06Fweb.png 1739w\" sizes=\"auto, (max-width: 1024px) 100vw, 1024px\" \/><figcaption class=\"wp-element-caption\">Asistentes<\/figcaption><\/figure>\n\n\n\n<figure class=\"wp-block-image size-large\"><img loading=\"lazy\" decoding=\"async\" width=\"1024\" height=\"559\" data-id=\"1124\" src=\"https:\/\/ucentral.org\/informativo\/wp-content\/uploads\/2024\/06\/nivelacion07-web-1024x559.png\" alt=\"\" class=\"wp-image-1124\" srcset=\"https:\/\/ucentral.org\/informativo\/wp-content\/uploads\/2024\/06\/nivelacion07-web-1024x559.png 1024w, https:\/\/ucentral.org\/informativo\/wp-content\/uploads\/2024\/06\/nivelacion07-web-300x164.png 300w, https:\/\/ucentral.org\/informativo\/wp-content\/uploads\/2024\/06\/nivelacion07-web-768x420.png 768w, https:\/\/ucentral.org\/informativo\/wp-content\/uploads\/2024\/06\/nivelacion07-web-1536x839.png 1536w, https:\/\/ucentral.org\/informativo\/wp-content\/uploads\/2024\/06\/nivelacion07-web.png 1805w\" sizes=\"auto, (max-width: 1024px) 100vw, 1024px\" \/><figcaption class=\"wp-element-caption\">Estudiantes de Nivelaci\u00f3n<\/figcaption><\/figure>\n\n\n\n<figure class=\"wp-block-image size-large\"><img loading=\"lazy\" decoding=\"async\" width=\"1024\" height=\"645\" data-id=\"1125\" src=\"https:\/\/ucentral.org\/informativo\/wp-content\/uploads\/2024\/06\/nivelacion08-web-1024x645.png\" alt=\"\" class=\"wp-image-1125\" srcset=\"https:\/\/ucentral.org\/informativo\/wp-content\/uploads\/2024\/06\/nivelacion08-web-1024x645.png 1024w, https:\/\/ucentral.org\/informativo\/wp-content\/uploads\/2024\/06\/nivelacion08-web-300x189.png 300w, https:\/\/ucentral.org\/informativo\/wp-content\/uploads\/2024\/06\/nivelacion08-web-768x483.png 768w, https:\/\/ucentral.org\/informativo\/wp-content\/uploads\/2024\/06\/nivelacion08-web.png 1093w\" sizes=\"auto, (max-width: 1024px) 100vw, 1024px\" \/><figcaption class=\"wp-element-caption\">Dr. Galo Gonz\u00e1lez &#8211; Director de Posgrados<\/figcaption><\/figure>\n\n\n\n<figure class=\"wp-block-image size-large\"><img loading=\"lazy\" decoding=\"async\" width=\"1024\" height=\"750\" data-id=\"1126\" src=\"https:\/\/ucentral.org\/informativo\/wp-content\/uploads\/2024\/06\/nivelacion09-web-1024x750.png\" alt=\"\" class=\"wp-image-1126\" srcset=\"https:\/\/ucentral.org\/informativo\/wp-content\/uploads\/2024\/06\/nivelacion09-web-1024x750.png 1024w, https:\/\/ucentral.org\/informativo\/wp-content\/uploads\/2024\/06\/nivelacion09-web-300x220.png 300w, https:\/\/ucentral.org\/informativo\/wp-content\/uploads\/2024\/06\/nivelacion09-web-768x562.png 768w, https:\/\/ucentral.org\/informativo\/wp-content\/uploads\/2024\/06\/nivelacion09-web.png 1317w\" sizes=\"auto, (max-width: 1024px) 100vw, 1024px\" \/><figcaption class=\"wp-element-caption\">Dr. Luis Reinoso &#8211; Docente<\/figcaption><\/figure>\n\n\n\n<figure class=\"wp-block-image size-large\"><img loading=\"lazy\" decoding=\"async\" width=\"1024\" height=\"627\" data-id=\"1127\" src=\"https:\/\/ucentral.org\/informativo\/wp-content\/uploads\/2024\/06\/nivelacion10-web-1024x627.png\" alt=\"\" class=\"wp-image-1127\" srcset=\"https:\/\/ucentral.org\/informativo\/wp-content\/uploads\/2024\/06\/nivelacion10-web-1024x627.png 1024w, https:\/\/ucentral.org\/informativo\/wp-content\/uploads\/2024\/06\/nivelacion10-web-300x184.png 300w, https:\/\/ucentral.org\/informativo\/wp-content\/uploads\/2024\/06\/nivelacion10-web-768x470.png 768w, https:\/\/ucentral.org\/informativo\/wp-content\/uploads\/2024\/06\/nivelacion10-web.png 1436w\" sizes=\"auto, (max-width: 1024px) 100vw, 1024px\" \/><figcaption class=\"wp-element-caption\">Dr. Hern\u00e1n Aules &#8211; Coordinador de Nivelaci\u00f3n<\/figcaption><\/figure>\n<\/figure>\n","protected":false},"excerpt":{"rendered":"<p>Con la presencia de docentes, estudiantes y de las autoridades de la Facultad de Ciencias de la Universidad Central del Ecuador se inaugur\u00f3 el pasado lunes 10 de junio el periodo de nivelaci\u00f3n para la carrera de Matem\u00e1ticas, el cual tiene como objetivo preparar a los estudiantes que ingresan a la carrera en los conocimientos [&hellip;]<\/p>\n","protected":false},"author":2,"featured_media":1123,"comment_status":"closed","ping_status":"closed","sticky":false,"template":"","format":"standard","meta":{"footnotes":""},"categories":[164,6],"tags":[156,263,192],"class_list":["post-1116","post","type-post","status-publish","format-standard","has-post-thumbnail","hentry","category-eventos","category-noticias","tag-156","tag-inauguracion","tag-nivelacion"],"_links":{"self":[{"href":"https:\/\/ucentral.org\/informativo\/index.php\/wp-json\/wp\/v2\/posts\/1116","targetHints":{"allow":["GET"]}}],"collection":[{"href":"https:\/\/ucentral.org\/informativo\/index.php\/wp-json\/wp\/v2\/posts"}],"about":[{"href":"https:\/\/ucentral.org\/informativo\/index.php\/wp-json\/wp\/v2\/types\/post"}],"author":[{"embeddable":true,"href":"https:\/\/ucentral.org\/informativo\/index.php\/wp-json\/wp\/v2\/users\/2"}],"replies":[{"embeddable":true,"href":"https:\/\/ucentral.org\/informativo\/index.php\/wp-json\/wp\/v2\/comments?post=1116"}],"version-history":[{"count":2,"href":"https:\/\/ucentral.org\/informativo\/index.php\/wp-json\/wp\/v2\/posts\/1116\/revisions"}],"predecessor-version":[{"id":1130,"href":"https:\/\/ucentral.org\/informativo\/index.php\/wp-json\/wp\/v2\/posts\/1116\/revisions\/1130"}],"wp:featuredmedia":[{"embeddable":true,"href":"https:\/\/ucentral.org\/informativo\/index.php\/wp-json\/wp\/v2\/media\/1123"}],"wp:attachment":[{"href":"https:\/\/ucentral.org\/informativo\/index.php\/wp-json\/wp\/v2\/media?parent=1116"}],"wp:term":[{"taxonomy":"category","embeddable":true,"href":"https:\/\/ucentral.org\/informativo\/index.php\/wp-json\/wp\/v2\/categories?post=1116"},{"taxonomy":"post_tag","embeddable":true,"href":"https:\/\/ucentral.org\/informativo\/index.php\/wp-json\/wp\/v2\/tags?post=1116"}],"curies":[{"name":"wp","href":"https:\/\/api.w.org\/{rel}","templated":true}]}}