{"id":1155,"date":"2024-06-14T11:57:09","date_gmt":"2024-06-14T16:57:09","guid":{"rendered":"https:\/\/ucentral.org\/informativo\/?p=1155"},"modified":"2024-06-14T11:57:09","modified_gmt":"2024-06-14T16:57:09","slug":"campana-de-prevencion-de-consumo-de-alcohol-y-otras-sustancias-porque-valgo-no-caigo","status":"publish","type":"post","link":"https:\/\/ucentral.org\/informativo\/index.php\/2024\/06\/14\/campana-de-prevencion-de-consumo-de-alcohol-y-otras-sustancias-porque-valgo-no-caigo\/","title":{"rendered":"Campa\u00f1a de prevenci\u00f3n de consumo de alcohol y otras sustancias &#8211; \u201cPORQUE VALGO NO CAIGO\u201d"},"content":{"rendered":"\n<p>El mi\u00e9rcoles 19 de junio de 2024, se desarrollar\u00e1 la CAMPA\u00d1A DE PREVENCI\u00d3N DE CONSUMO DE ALCOHOL Y OTRAS SUSTANCIAS, de la charla \u201cPORQUE VALGO NO CAIGO\u201d, dirigida a los estudiantes en general y especialmente a los de primer semestre en el aula M-10, en horario de 08h00 a 09h30.<\/p>\n\n\n\n<p>El pr\u00f3ximo mi\u00e9rcoles 19 de junio, en la Facultad de Ciencias de la Universidad Central del Ecuador se llevar\u00e1 a cabo la campa\u00f1a de prevenci\u00f3n de consumo de alcohol y otras sustancias sicotr\u00f3picas, dirigida a los estudiantes. La charla que lleva el nombre<strong> &#8220;Porque valgo no caigo&#8221;<\/strong> ser\u00e1 impartida en el aula M-10 de la Facultad, en horario de 08h00 a 09h30, y tiene como objetivo promover h\u00e1bitos saludables y prevenir el consumo de sustancias nocivas para la salud. <\/p>\n\n\n\n<p>Esta iniciativa forma parte del compromiso de la <strong>Direcci\u00f3n de Bienestar Universitario<\/strong> y de la <strong>Facultad de Ciencias<\/strong> con la formaci\u00f3n integral de los estudiantes y la promoci\u00f3n de un estilo de vida saludable y responsable. <\/p>\n\n\n\n<p>Se invita a todos los estudiantes a participar activamente en esta campa\u00f1a y a sumarse a los esfuerzos por construir una comunidad universitaria m\u00e1s sana y comprometida con el bienestar de todos sus miembros.<\/p>\n","protected":false},"excerpt":{"rendered":"<p>El mi\u00e9rcoles 19 de junio de 2024, se desarrollar\u00e1 la CAMPA\u00d1A DE PREVENCI\u00d3N DE CONSUMO DE ALCOHOL Y OTRAS SUSTANCIAS, de la charla \u201cPORQUE VALGO NO CAIGO\u201d, dirigida a los estudiantes en general y especialmente a los de primer semestre en el aula M-10, en horario de 08h00 a 09h30. El pr\u00f3ximo mi\u00e9rcoles 19 de [&hellip;]<\/p>\n","protected":false},"author":2,"featured_media":1156,"comment_status":"open","ping_status":"open","sticky":false,"template":"","format":"standard","meta":{"footnotes":""},"categories":[164,6],"tags":[226],"class_list":["post-1155","post","type-post","status-publish","format-standard","has-post-thumbnail","hentry","category-eventos","category-noticias","tag-bienestar-universitario"],"_links":{"self":[{"href":"https:\/\/ucentral.org\/informativo\/index.php\/wp-json\/wp\/v2\/posts\/1155","targetHints":{"allow":["GET"]}}],"collection":[{"href":"https:\/\/ucentral.org\/informativo\/index.php\/wp-json\/wp\/v2\/posts"}],"about":[{"href":"https:\/\/ucentral.org\/informativo\/index.php\/wp-json\/wp\/v2\/types\/post"}],"author":[{"embeddable":true,"href":"https:\/\/ucentral.org\/informativo\/index.php\/wp-json\/wp\/v2\/users\/2"}],"replies":[{"embeddable":true,"href":"https:\/\/ucentral.org\/informativo\/index.php\/wp-json\/wp\/v2\/comments?post=1155"}],"version-history":[{"count":1,"href":"https:\/\/ucentral.org\/informativo\/index.php\/wp-json\/wp\/v2\/posts\/1155\/revisions"}],"predecessor-version":[{"id":1157,"href":"https:\/\/ucentral.org\/informativo\/index.php\/wp-json\/wp\/v2\/posts\/1155\/revisions\/1157"}],"wp:featuredmedia":[{"embeddable":true,"href":"https:\/\/ucentral.org\/informativo\/index.php\/wp-json\/wp\/v2\/media\/1156"}],"wp:attachment":[{"href":"https:\/\/ucentral.org\/informativo\/index.php\/wp-json\/wp\/v2\/media?parent=1155"}],"wp:term":[{"taxonomy":"category","embeddable":true,"href":"https:\/\/ucentral.org\/informativo\/index.php\/wp-json\/wp\/v2\/categories?post=1155"},{"taxonomy":"post_tag","embeddable":true,"href":"https:\/\/ucentral.org\/informativo\/index.php\/wp-json\/wp\/v2\/tags?post=1155"}],"curies":[{"name":"wp","href":"https:\/\/api.w.org\/{rel}","templated":true}]}}