{"id":1158,"date":"2024-06-14T12:04:53","date_gmt":"2024-06-14T17:04:53","guid":{"rendered":"https:\/\/ucentral.org\/informativo\/?p=1158"},"modified":"2024-06-14T12:04:54","modified_gmt":"2024-06-14T17:04:54","slug":"charla-prevencion-en-salud-mental","status":"publish","type":"post","link":"https:\/\/ucentral.org\/informativo\/index.php\/2024\/06\/14\/charla-prevencion-en-salud-mental\/","title":{"rendered":"Charla &#8220;Prevenci\u00f3n en Salud Mental&#8221;"},"content":{"rendered":"\n<p>El mi\u00e9rcoles 26 de junio de 2024, se realizar\u00e1 en la<strong> Facultad de Ciencias <\/strong>la charla de &#8220;PREVENCI\u00d3N EN SALUD MENTAL&#8221; por la <strong>Direcci\u00f3n de Bienestar Universitario<\/strong>, dirigida a los estudiantes en general y obligatoria para los estudiantes de primer semestre en el aula M-10, en horario de\u00a011h00\u00a0a\u00a012h00.<\/p>\n","protected":false},"excerpt":{"rendered":"<p>El mi\u00e9rcoles 26 de junio de 2024, se realizar\u00e1 en la Facultad de Ciencias la charla de &#8220;PREVENCI\u00d3N EN SALUD MENTAL&#8221; por la Direcci\u00f3n de Bienestar Universitario, dirigida a los estudiantes en general y obligatoria para los estudiantes de primer semestre en el aula M-10, en horario de\u00a011h00\u00a0a\u00a012h00.<\/p>\n","protected":false},"author":2,"featured_media":1159,"comment_status":"closed","ping_status":"closed","sticky":false,"template":"","format":"standard","meta":{"footnotes":""},"categories":[164,6],"tags":[226,220],"class_list":["post-1158","post","type-post","status-publish","format-standard","has-post-thumbnail","hentry","category-eventos","category-noticias","tag-bienestar-universitario","tag-charla"],"_links":{"self":[{"href":"https:\/\/ucentral.org\/informativo\/index.php\/wp-json\/wp\/v2\/posts\/1158","targetHints":{"allow":["GET"]}}],"collection":[{"href":"https:\/\/ucentral.org\/informativo\/index.php\/wp-json\/wp\/v2\/posts"}],"about":[{"href":"https:\/\/ucentral.org\/informativo\/index.php\/wp-json\/wp\/v2\/types\/post"}],"author":[{"embeddable":true,"href":"https:\/\/ucentral.org\/informativo\/index.php\/wp-json\/wp\/v2\/users\/2"}],"replies":[{"embeddable":true,"href":"https:\/\/ucentral.org\/informativo\/index.php\/wp-json\/wp\/v2\/comments?post=1158"}],"version-history":[{"count":1,"href":"https:\/\/ucentral.org\/informativo\/index.php\/wp-json\/wp\/v2\/posts\/1158\/revisions"}],"predecessor-version":[{"id":1160,"href":"https:\/\/ucentral.org\/informativo\/index.php\/wp-json\/wp\/v2\/posts\/1158\/revisions\/1160"}],"wp:featuredmedia":[{"embeddable":true,"href":"https:\/\/ucentral.org\/informativo\/index.php\/wp-json\/wp\/v2\/media\/1159"}],"wp:attachment":[{"href":"https:\/\/ucentral.org\/informativo\/index.php\/wp-json\/wp\/v2\/media?parent=1158"}],"wp:term":[{"taxonomy":"category","embeddable":true,"href":"https:\/\/ucentral.org\/informativo\/index.php\/wp-json\/wp\/v2\/categories?post=1158"},{"taxonomy":"post_tag","embeddable":true,"href":"https:\/\/ucentral.org\/informativo\/index.php\/wp-json\/wp\/v2\/tags?post=1158"}],"curies":[{"name":"wp","href":"https:\/\/api.w.org\/{rel}","templated":true}]}}