{"id":1161,"date":"2024-06-17T13:30:47","date_gmt":"2024-06-17T18:30:47","guid":{"rendered":"https:\/\/ucentral.org\/informativo\/?p=1161"},"modified":"2024-06-25T19:04:55","modified_gmt":"2024-06-26T00:04:55","slug":"reunion-de-trabajo-con-el-hospital-docente-de-calderon","status":"publish","type":"post","link":"https:\/\/ucentral.org\/informativo\/index.php\/2024\/06\/17\/reunion-de-trabajo-con-el-hospital-docente-de-calderon\/","title":{"rendered":"Reuni\u00f3n de trabajo con el Hospital Docente de Calder\u00f3n"},"content":{"rendered":"\n<p>La Facultad de Ciencias mantuvo una fruct\u00edfera reuni\u00f3n de trabajo con el Hospital Docente de Calder\u00f3n; con el objetivo de delinear \u00e1reas de colaboraci\u00f3n interinstitucional, fortaleciendo as\u00ed los lazos entre la academia y la salud. Autoridades de ambas instituciones manifestaron su entusiasmo por esta alianza, que busca fomentar la investigaci\u00f3n conjunta, el intercambio acad\u00e9mico y la implementaci\u00f3n de proyectos en com\u00fan.<\/p>\n","protected":false},"excerpt":{"rendered":"<p>La Facultad de Ciencias mantuvo una fruct\u00edfera reuni\u00f3n de trabajo con el Hospital Docente de Calder\u00f3n; con el objetivo de delinear \u00e1reas de colaboraci\u00f3n interinstitucional, fortaleciendo as\u00ed los lazos entre la academia y la salud. Autoridades de ambas instituciones manifestaron su entusiasmo por esta alianza, que busca fomentar la investigaci\u00f3n conjunta, el intercambio acad\u00e9mico y [&hellip;]<\/p>\n","protected":false},"author":2,"featured_media":1162,"comment_status":"closed","ping_status":"closed","sticky":false,"template":"","format":"standard","meta":{"footnotes":""},"categories":[181,6],"tags":[182,268,269],"class_list":["post-1161","post","type-post","status-publish","format-standard","has-post-thumbnail","hentry","category-convenios","category-noticias","tag-convenio","tag-hdc","tag-msp"],"_links":{"self":[{"href":"https:\/\/ucentral.org\/informativo\/index.php\/wp-json\/wp\/v2\/posts\/1161","targetHints":{"allow":["GET"]}}],"collection":[{"href":"https:\/\/ucentral.org\/informativo\/index.php\/wp-json\/wp\/v2\/posts"}],"about":[{"href":"https:\/\/ucentral.org\/informativo\/index.php\/wp-json\/wp\/v2\/types\/post"}],"author":[{"embeddable":true,"href":"https:\/\/ucentral.org\/informativo\/index.php\/wp-json\/wp\/v2\/users\/2"}],"replies":[{"embeddable":true,"href":"https:\/\/ucentral.org\/informativo\/index.php\/wp-json\/wp\/v2\/comments?post=1161"}],"version-history":[{"count":1,"href":"https:\/\/ucentral.org\/informativo\/index.php\/wp-json\/wp\/v2\/posts\/1161\/revisions"}],"predecessor-version":[{"id":1163,"href":"https:\/\/ucentral.org\/informativo\/index.php\/wp-json\/wp\/v2\/posts\/1161\/revisions\/1163"}],"wp:featuredmedia":[{"embeddable":true,"href":"https:\/\/ucentral.org\/informativo\/index.php\/wp-json\/wp\/v2\/media\/1162"}],"wp:attachment":[{"href":"https:\/\/ucentral.org\/informativo\/index.php\/wp-json\/wp\/v2\/media?parent=1161"}],"wp:term":[{"taxonomy":"category","embeddable":true,"href":"https:\/\/ucentral.org\/informativo\/index.php\/wp-json\/wp\/v2\/categories?post=1161"},{"taxonomy":"post_tag","embeddable":true,"href":"https:\/\/ucentral.org\/informativo\/index.php\/wp-json\/wp\/v2\/tags?post=1161"}],"curies":[{"name":"wp","href":"https:\/\/api.w.org\/{rel}","templated":true}]}}