{"id":1164,"date":"2024-06-20T00:41:53","date_gmt":"2024-06-20T05:41:53","guid":{"rendered":"https:\/\/ucentral.org\/informativo\/?p=1164"},"modified":"2024-06-20T00:42:07","modified_gmt":"2024-06-20T05:42:07","slug":"inaguracion-del-3er-congreso-internacional-de-etnomatematica-organizado-por-el-instituto-de-investigacion-en-etnociencia","status":"publish","type":"post","link":"https:\/\/ucentral.org\/informativo\/index.php\/2024\/06\/20\/inaguracion-del-3er-congreso-internacional-de-etnomatematica-organizado-por-el-instituto-de-investigacion-en-etnociencia\/","title":{"rendered":"Inaguraci\u00f3n del 3er Congreso Internacional de Etnomatem\u00e1tica, organizado por el Instituto de Investigaci\u00f3n en Etnociencia"},"content":{"rendered":"\n<p>En las instalaciones del Centro de Informaci\u00f3n Integral tuvo lugar el &#8220;1er Encuentro de Experiencia en Etnovisualizaci\u00f3n y Etnomodelaje&#8221;, como parte del 3er Congreso Internacional de Etnomatem\u00e1tica, organizado por el Instituto de Investigaci\u00f3n en Etnociencia, con el apoyo de la Facultad de Filosof\u00eda, Letras y Ciencias de la Educaci\u00f3n y de la Facultad de Ciencias de la Universidad Central del Ecuador. <\/p>\n\n\n\n<p>La inauguraci\u00f3n del Congreso cont\u00f3 con la presencia de la Dra. Julieta Logro\u00f1o &#8211; Vicerrectora Acad\u00e9mica, el Ing. Franz Del Pozo &#8211; Decano de la Facultad de Ciencias, el Dr. Carlos Calder\u00f3n &#8211; Subdecano de la Facultad de Filosof\u00eda, y el Dr. Juan Cadena &#8211; Director del Instituto. <\/p>\n\n\n\n<p>Durante estas jornadas acad\u00e9micas, los ponentes abordar\u00e1n la etnomatem\u00e1tica y la visi\u00f3n de la Matem\u00e1tica en diversas dimensiones, como cognici\u00f3n, conceptualizaci\u00f3n, educaci\u00f3n, epistemolog\u00eda, historia y pol\u00edtica.<\/p>\n\n\n\n<figure class=\"wp-block-gallery has-nested-images columns-default is-cropped wp-block-gallery-1 is-layout-flex wp-block-gallery-is-layout-flex\">\n<figure class=\"wp-block-image size-large\"><img loading=\"lazy\" decoding=\"async\" width=\"1024\" height=\"575\" data-id=\"1168\" src=\"https:\/\/ucentral.org\/informativo\/wp-content\/uploads\/2024\/06\/etno004-1024x575.jpg\" alt=\"\" class=\"wp-image-1168\" srcset=\"https:\/\/ucentral.org\/informativo\/wp-content\/uploads\/2024\/06\/etno004-1024x575.jpg 1024w, https:\/\/ucentral.org\/informativo\/wp-content\/uploads\/2024\/06\/etno004-300x168.jpg 300w, https:\/\/ucentral.org\/informativo\/wp-content\/uploads\/2024\/06\/etno004-768x431.jpg 768w, https:\/\/ucentral.org\/informativo\/wp-content\/uploads\/2024\/06\/etno004-555x311.jpg 555w, https:\/\/ucentral.org\/informativo\/wp-content\/uploads\/2024\/06\/etno004.jpg 1080w\" sizes=\"auto, (max-width: 1024px) 100vw, 1024px\" \/><\/figure>\n\n\n\n<figure class=\"wp-block-image size-large\"><img loading=\"lazy\" decoding=\"async\" width=\"1024\" height=\"682\" data-id=\"1165\" src=\"https:\/\/ucentral.org\/informativo\/wp-content\/uploads\/2024\/06\/etno001-1024x682.jpg\" alt=\"\" class=\"wp-image-1165\" srcset=\"https:\/\/ucentral.org\/informativo\/wp-content\/uploads\/2024\/06\/etno001-1024x682.jpg 1024w, https:\/\/ucentral.org\/informativo\/wp-content\/uploads\/2024\/06\/etno001-300x200.jpg 300w, https:\/\/ucentral.org\/informativo\/wp-content\/uploads\/2024\/06\/etno001-768x512.jpg 768w, https:\/\/ucentral.org\/informativo\/wp-content\/uploads\/2024\/06\/etno001.jpg 1081w\" sizes=\"auto, (max-width: 1024px) 100vw, 1024px\" \/><\/figure>\n\n\n\n<figure class=\"wp-block-image size-large\"><img loading=\"lazy\" decoding=\"async\" width=\"1024\" height=\"682\" data-id=\"1166\" src=\"https:\/\/ucentral.org\/informativo\/wp-content\/uploads\/2024\/06\/etno002-1024x682.jpg\" alt=\"\" class=\"wp-image-1166\" srcset=\"https:\/\/ucentral.org\/informativo\/wp-content\/uploads\/2024\/06\/etno002-1024x682.jpg 1024w, https:\/\/ucentral.org\/informativo\/wp-content\/uploads\/2024\/06\/etno002-300x200.jpg 300w, https:\/\/ucentral.org\/informativo\/wp-content\/uploads\/2024\/06\/etno002-768x512.jpg 768w, https:\/\/ucentral.org\/informativo\/wp-content\/uploads\/2024\/06\/etno002.jpg 1081w\" sizes=\"auto, (max-width: 1024px) 100vw, 1024px\" \/><\/figure>\n\n\n\n<figure class=\"wp-block-image size-large\"><img loading=\"lazy\" decoding=\"async\" width=\"1024\" height=\"682\" data-id=\"1167\" src=\"https:\/\/ucentral.org\/informativo\/wp-content\/uploads\/2024\/06\/etno003-1024x682.jpg\" alt=\"\" class=\"wp-image-1167\" srcset=\"https:\/\/ucentral.org\/informativo\/wp-content\/uploads\/2024\/06\/etno003-1024x682.jpg 1024w, https:\/\/ucentral.org\/informativo\/wp-content\/uploads\/2024\/06\/etno003-300x200.jpg 300w, https:\/\/ucentral.org\/informativo\/wp-content\/uploads\/2024\/06\/etno003-768x512.jpg 768w, https:\/\/ucentral.org\/informativo\/wp-content\/uploads\/2024\/06\/etno003.jpg 1081w\" sizes=\"auto, (max-width: 1024px) 100vw, 1024px\" \/><\/figure>\n\n\n\n<figure class=\"wp-block-image size-large\"><img loading=\"lazy\" decoding=\"async\" width=\"1024\" height=\"682\" data-id=\"1169\" src=\"https:\/\/ucentral.org\/informativo\/wp-content\/uploads\/2024\/06\/etno005-1024x682.jpg\" alt=\"\" class=\"wp-image-1169\" srcset=\"https:\/\/ucentral.org\/informativo\/wp-content\/uploads\/2024\/06\/etno005-1024x682.jpg 1024w, https:\/\/ucentral.org\/informativo\/wp-content\/uploads\/2024\/06\/etno005-300x200.jpg 300w, https:\/\/ucentral.org\/informativo\/wp-content\/uploads\/2024\/06\/etno005-768x512.jpg 768w, https:\/\/ucentral.org\/informativo\/wp-content\/uploads\/2024\/06\/etno005.jpg 1081w\" sizes=\"auto, (max-width: 1024px) 100vw, 1024px\" \/><\/figure>\n\n\n\n<figure class=\"wp-block-image size-large\"><img loading=\"lazy\" decoding=\"async\" width=\"1024\" height=\"768\" data-id=\"1170\" src=\"https:\/\/ucentral.org\/informativo\/wp-content\/uploads\/2024\/06\/etno006-1024x768.jpg\" alt=\"\" class=\"wp-image-1170\" srcset=\"https:\/\/ucentral.org\/informativo\/wp-content\/uploads\/2024\/06\/etno006-1024x768.jpg 1024w, https:\/\/ucentral.org\/informativo\/wp-content\/uploads\/2024\/06\/etno006-300x225.jpg 300w, https:\/\/ucentral.org\/informativo\/wp-content\/uploads\/2024\/06\/etno006-768x576.jpg 768w, https:\/\/ucentral.org\/informativo\/wp-content\/uploads\/2024\/06\/etno006-136x102.jpg 136w, https:\/\/ucentral.org\/informativo\/wp-content\/uploads\/2024\/06\/etno006.jpg 1080w\" sizes=\"auto, (max-width: 1024px) 100vw, 1024px\" \/><\/figure>\n<\/figure>\n","protected":false},"excerpt":{"rendered":"<p>En las instalaciones del Centro de Informaci\u00f3n Integral tuvo lugar el &#8220;1er Encuentro de Experiencia en Etnovisualizaci\u00f3n y Etnomodelaje&#8221;, como parte del 3er Congreso Internacional de Etnomatem\u00e1tica, organizado por el Instituto de Investigaci\u00f3n en Etnociencia, con el apoyo de la Facultad de Filosof\u00eda, Letras y Ciencias de la Educaci\u00f3n y de la Facultad de Ciencias [&hellip;]<\/p>\n","protected":false},"author":2,"featured_media":1170,"comment_status":"closed","ping_status":"closed","sticky":false,"template":"","format":"standard","meta":{"footnotes":""},"categories":[13,164,6],"tags":[89,232],"class_list":["post-1164","post","type-post","status-publish","format-standard","has-post-thumbnail","hentry","category-cursos-seminarios","category-eventos","category-noticias","tag-congreso","tag-etnociencias"],"_links":{"self":[{"href":"https:\/\/ucentral.org\/informativo\/index.php\/wp-json\/wp\/v2\/posts\/1164","targetHints":{"allow":["GET"]}}],"collection":[{"href":"https:\/\/ucentral.org\/informativo\/index.php\/wp-json\/wp\/v2\/posts"}],"about":[{"href":"https:\/\/ucentral.org\/informativo\/index.php\/wp-json\/wp\/v2\/types\/post"}],"author":[{"embeddable":true,"href":"https:\/\/ucentral.org\/informativo\/index.php\/wp-json\/wp\/v2\/users\/2"}],"replies":[{"embeddable":true,"href":"https:\/\/ucentral.org\/informativo\/index.php\/wp-json\/wp\/v2\/comments?post=1164"}],"version-history":[{"count":1,"href":"https:\/\/ucentral.org\/informativo\/index.php\/wp-json\/wp\/v2\/posts\/1164\/revisions"}],"predecessor-version":[{"id":1171,"href":"https:\/\/ucentral.org\/informativo\/index.php\/wp-json\/wp\/v2\/posts\/1164\/revisions\/1171"}],"wp:featuredmedia":[{"embeddable":true,"href":"https:\/\/ucentral.org\/informativo\/index.php\/wp-json\/wp\/v2\/media\/1170"}],"wp:attachment":[{"href":"https:\/\/ucentral.org\/informativo\/index.php\/wp-json\/wp\/v2\/media?parent=1164"}],"wp:term":[{"taxonomy":"category","embeddable":true,"href":"https:\/\/ucentral.org\/informativo\/index.php\/wp-json\/wp\/v2\/categories?post=1164"},{"taxonomy":"post_tag","embeddable":true,"href":"https:\/\/ucentral.org\/informativo\/index.php\/wp-json\/wp\/v2\/tags?post=1164"}],"curies":[{"name":"wp","href":"https:\/\/api.w.org\/{rel}","templated":true}]}}