{"id":1179,"date":"2024-06-21T13:48:02","date_gmt":"2024-06-21T18:48:02","guid":{"rendered":"https:\/\/ucentral.org\/informativo\/?p=1179"},"modified":"2024-06-21T13:53:09","modified_gmt":"2024-06-21T18:53:09","slug":"la-facultad-de-ciencias-continua-fortaleciendo-sus-vinculos-con-el-sector-productivo","status":"publish","type":"post","link":"https:\/\/ucentral.org\/informativo\/index.php\/2024\/06\/21\/la-facultad-de-ciencias-continua-fortaleciendo-sus-vinculos-con-el-sector-productivo\/","title":{"rendered":"La Facultad de Ciencias contin\u00faa fortaleciendo sus v\u00ednculos con el sector productivo"},"content":{"rendered":"\n<p>La Facultad de Ciencias de la Universidad Central del Ecuador contin\u00faa fortaleciendo sus v\u00ednculos con el sector productivo, buscando siempre contribuir al desarrollo y la innovaci\u00f3n en diferentes \u00e1reas. En este sentido, una delegaci\u00f3n de docentes encabezada por los Drs. Darwin Caina, Ren\u00e9 Carrillo y Guillermo Albuja, viaj\u00f3 recientemente a la ciudad de Lasso para iniciar conversaciones con una empresa l\u00edder en el sector agr\u00edcola. <\/p>\n\n\n\n<p>El objetivo de este acercamiento es explorar oportunidades de colaboraci\u00f3n en proyectos de innovaci\u00f3n e investigaci\u00f3n que permitan optimizar los procesos agr\u00edcolas a trav\u00e9s del uso de drones y modelos matem\u00e1ticos. Esta iniciativa busca no solo impulsar el avance tecnol\u00f3gico en el sector, sino tambi\u00e9n promover la transferencia de conocimiento y la formaci\u00f3n de recursos humanos altamente capacitados en el manejo de estas herramientas. <\/p>\n\n\n\n<p>Confiamos en que esta alianza entre la academia y la empresa genere importantes beneficios para el desarrollo sostenible y competitivo de la agricultura en nuestro pa\u00eds.<\/p>\n\n\n\n<p class=\"has-text-align-center has-vivid-cyan-blue-color has-text-color has-link-color has-medium-font-size wp-elements-3ca8607c3cef042a7d597b2b3bed70ce\"><strong>\u00a1Facultad de Ciencias aportando al desarrollo del pa\u00eds!<\/strong><\/p>\n\n\n\n<figure class=\"wp-block-gallery has-nested-images columns-default is-cropped wp-block-gallery-1 is-layout-flex wp-block-gallery-is-layout-flex\">\n<figure class=\"wp-block-image size-large\"><img loading=\"lazy\" decoding=\"async\" width=\"664\" height=\"418\" data-id=\"1181\" src=\"https:\/\/ucentral.org\/informativo\/wp-content\/uploads\/2024\/06\/galileo02bWeb.jpg\" alt=\"\" class=\"wp-image-1181\" srcset=\"https:\/\/ucentral.org\/informativo\/wp-content\/uploads\/2024\/06\/galileo02bWeb.jpg 664w, https:\/\/ucentral.org\/informativo\/wp-content\/uploads\/2024\/06\/galileo02bWeb-300x189.jpg 300w\" sizes=\"auto, (max-width: 664px) 100vw, 664px\" \/><\/figure>\n\n\n\n<figure class=\"wp-block-image size-large\"><img loading=\"lazy\" decoding=\"async\" width=\"474\" height=\"296\" data-id=\"1180\" src=\"https:\/\/ucentral.org\/informativo\/wp-content\/uploads\/2024\/06\/galileo03.jpeg\" alt=\"\" class=\"wp-image-1180\" srcset=\"https:\/\/ucentral.org\/informativo\/wp-content\/uploads\/2024\/06\/galileo03.jpeg 474w, https:\/\/ucentral.org\/informativo\/wp-content\/uploads\/2024\/06\/galileo03-300x187.jpeg 300w\" sizes=\"auto, (max-width: 474px) 100vw, 474px\" \/><\/figure>\n<\/figure>\n","protected":false},"excerpt":{"rendered":"<p>La Facultad de Ciencias de la Universidad Central del Ecuador contin\u00faa fortaleciendo sus v\u00ednculos con el sector productivo, buscando siempre contribuir al desarrollo y la innovaci\u00f3n en diferentes \u00e1reas. En este sentido, una delegaci\u00f3n de docentes encabezada por los Drs. Darwin Caina, Ren\u00e9 Carrillo y Guillermo Albuja, viaj\u00f3 recientemente a la ciudad de Lasso para [&hellip;]<\/p>\n","protected":false},"author":2,"featured_media":1185,"comment_status":"closed","ping_status":"closed","sticky":false,"template":"","format":"standard","meta":{"footnotes":""},"categories":[181,41,6],"tags":[271,272,173],"class_list":["post-1179","post","type-post","status-publish","format-standard","has-post-thumbnail","hentry","category-convenios","category-investigacion","category-noticias","tag-agricultura","tag-drones","tag-investigacion-2"],"_links":{"self":[{"href":"https:\/\/ucentral.org\/informativo\/index.php\/wp-json\/wp\/v2\/posts\/1179","targetHints":{"allow":["GET"]}}],"collection":[{"href":"https:\/\/ucentral.org\/informativo\/index.php\/wp-json\/wp\/v2\/posts"}],"about":[{"href":"https:\/\/ucentral.org\/informativo\/index.php\/wp-json\/wp\/v2\/types\/post"}],"author":[{"embeddable":true,"href":"https:\/\/ucentral.org\/informativo\/index.php\/wp-json\/wp\/v2\/users\/2"}],"replies":[{"embeddable":true,"href":"https:\/\/ucentral.org\/informativo\/index.php\/wp-json\/wp\/v2\/comments?post=1179"}],"version-history":[{"count":2,"href":"https:\/\/ucentral.org\/informativo\/index.php\/wp-json\/wp\/v2\/posts\/1179\/revisions"}],"predecessor-version":[{"id":1184,"href":"https:\/\/ucentral.org\/informativo\/index.php\/wp-json\/wp\/v2\/posts\/1179\/revisions\/1184"}],"wp:featuredmedia":[{"embeddable":true,"href":"https:\/\/ucentral.org\/informativo\/index.php\/wp-json\/wp\/v2\/media\/1185"}],"wp:attachment":[{"href":"https:\/\/ucentral.org\/informativo\/index.php\/wp-json\/wp\/v2\/media?parent=1179"}],"wp:term":[{"taxonomy":"category","embeddable":true,"href":"https:\/\/ucentral.org\/informativo\/index.php\/wp-json\/wp\/v2\/categories?post=1179"},{"taxonomy":"post_tag","embeddable":true,"href":"https:\/\/ucentral.org\/informativo\/index.php\/wp-json\/wp\/v2\/tags?post=1179"}],"curies":[{"name":"wp","href":"https:\/\/api.w.org\/{rel}","templated":true}]}}