{"id":1197,"date":"2024-06-26T13:44:50","date_gmt":"2024-06-26T18:44:50","guid":{"rendered":"https:\/\/ucentral.org\/informativo\/?p=1197"},"modified":"2024-06-26T13:50:14","modified_gmt":"2024-06-26T18:50:14","slug":"convocatoria-practicas-preprofesionales-en-el-ministerio-de-energia-y-minas","status":"publish","type":"post","link":"https:\/\/ucentral.org\/informativo\/index.php\/2024\/06\/26\/convocatoria-practicas-preprofesionales-en-el-ministerio-de-energia-y-minas\/","title":{"rendered":"CONVOCATORIA: PR\u00c1CTICAS PREPROFESIONALES EN EL MINISTERIO DE ENERG\u00cdA Y MINAS"},"content":{"rendered":"\n<p>La Facultad de Ciencias invita a postular para realizar pr\u00e1cticas preprofesionales en esta importante instituci\u00f3n p\u00fablica.<\/p>\n\n\n\n<p><strong>Requisitos:<\/strong><\/p>\n\n\n\n<ul class=\"wp-block-list\">\n<li>Ser estudiante activo de la carrera de Matem\u00e1tica<\/li>\n\n\n\n<li>Cursar niveles superiores<\/li>\n\n\n\n<li>Excelente nivel acad\u00e9mico y compromiso con el aprendizaje<\/li>\n<\/ul>\n\n\n\n<p><strong>Proceso de postulaci\u00f3n:<\/strong><\/p>\n\n\n\n<ol class=\"wp-block-list\">\n<li>Ingresa al siguiente enlace: <a href=\"https:\/\/forms.office.com\/r\/7ek3eh7eNS\">aqu\u00ed<\/a><\/li>\n\n\n\n<li>Completa el formulario con tus datos personales, acad\u00e9micos y de contacto.<\/li>\n\n\n\n<li>Adjunta los documentos requeridos en el formulario (curr\u00edculum).<\/li>\n<\/ol>\n\n\n\n<p><strong>Fecha l\u00edmite de postulaci\u00f3n:<\/strong> mi\u00e9rcoles 3 de julio de 2024 11h00<\/p>\n\n\n\n<p>No dejes pasar esta oportunidad de adquirir experiencia laboral en el sector energ\u00e9tico y minero, aplicando tus conocimientos matem\u00e1ticos en proyectos de relevancia nacional.<\/p>\n\n\n\n<p class=\"has-text-align-center\"><strong>\u00a1Inscr\u00edbete para postular a pr\u00e1cticas preprofesionales en el Ministerio de Energ\u00eda y Minas!<\/strong><\/p>\n\n\n\n<p><em>Para m\u00e1s informaci\u00f3n, comun\u00edcate con la coordinaci\u00f3n de pr\u00e1cticas preprofesionales de la Facultad de Ciencias: Dr. Hern\u00e1n Aules \/ Dra. Miriam Montenegro<\/em><\/p>\n\n\n\n<figure data-wp-context=\"{&quot;imageId&quot;:&quot;69f1b25c26e51&quot;}\" data-wp-interactive=\"core\/image\" data-wp-key=\"69f1b25c26e51\" class=\"wp-block-image size-large is-resized wp-lightbox-container\"><img loading=\"lazy\" decoding=\"async\" width=\"1024\" height=\"1024\" data-wp-class--hide=\"state.isContentHidden\" data-wp-class--show=\"state.isContentVisible\" data-wp-init=\"callbacks.setButtonStyles\" data-wp-on--click=\"actions.showLightbox\" data-wp-on--load=\"callbacks.setButtonStyles\" data-wp-on-window--resize=\"callbacks.setButtonStyles\" src=\"https:\/\/ucentral.org\/informativo\/wp-content\/uploads\/2024\/06\/Codigo-QR-para-Inscripcion-para-practicas-preprofesionales-Facultad-de-Ciencias-1024x1024.png\" alt=\"\" class=\"wp-image-1203\" style=\"width:300px\" srcset=\"https:\/\/ucentral.org\/informativo\/wp-content\/uploads\/2024\/06\/Codigo-QR-para-Inscripcion-para-practicas-preprofesionales-Facultad-de-Ciencias-1024x1024.png 1024w, https:\/\/ucentral.org\/informativo\/wp-content\/uploads\/2024\/06\/Codigo-QR-para-Inscripcion-para-practicas-preprofesionales-Facultad-de-Ciencias-300x300.png 300w, https:\/\/ucentral.org\/informativo\/wp-content\/uploads\/2024\/06\/Codigo-QR-para-Inscripcion-para-practicas-preprofesionales-Facultad-de-Ciencias-150x150.png 150w, https:\/\/ucentral.org\/informativo\/wp-content\/uploads\/2024\/06\/Codigo-QR-para-Inscripcion-para-practicas-preprofesionales-Facultad-de-Ciencias-768x768.png 768w, https:\/\/ucentral.org\/informativo\/wp-content\/uploads\/2024\/06\/Codigo-QR-para-Inscripcion-para-practicas-preprofesionales-Facultad-de-Ciencias-1536x1536.png 1536w, https:\/\/ucentral.org\/informativo\/wp-content\/uploads\/2024\/06\/Codigo-QR-para-Inscripcion-para-practicas-preprofesionales-Facultad-de-Ciencias.png 1890w\" sizes=\"auto, (max-width: 1024px) 100vw, 1024px\" \/><button\n\t\t\tclass=\"lightbox-trigger\"\n\t\t\ttype=\"button\"\n\t\t\taria-haspopup=\"dialog\"\n\t\t\taria-label=\"Agrandar\"\n\t\t\tdata-wp-init=\"callbacks.initTriggerButton\"\n\t\t\tdata-wp-on--click=\"actions.showLightbox\"\n\t\t\tdata-wp-style--right=\"state.imageButtonRight\"\n\t\t\tdata-wp-style--top=\"state.imageButtonTop\"\n\t\t>\n\t\t\t<svg xmlns=\"http:\/\/www.w3.org\/2000\/svg\" width=\"12\" height=\"12\" fill=\"none\" viewBox=\"0 0 12 12\">\n\t\t\t\t<path fill=\"#fff\" d=\"M2 0a2 2 0 0 0-2 2v2h1.5V2a.5.5 0 0 1 .5-.5h2V0H2Zm2 10.5H2a.5.5 0 0 1-.5-.5V8H0v2a2 2 0 0 0 2 2h2v-1.5ZM8 12v-1.5h2a.5.5 0 0 0 .5-.5V8H12v2a2 2 0 0 1-2 2H8Zm2-12a2 2 0 0 1 2 2v2h-1.5V2a.5.5 0 0 0-.5-.5H8V0h2Z\" \/>\n\t\t\t<\/svg>\n\t\t<\/button><\/figure>\n\n\n\n<p class=\"has-text-color has-link-color has-large-font-size wp-elements-3a3409b8f1598a16ffa2bbc6a907a959\" style=\"color:#15b28e\"><strong>Formulario de postulaci\u00f3n:<\/strong><\/p>\n\n\n\n<hr class=\"wp-block-separator has-alpha-channel-opacity\"\/>\n\n\n\n<iframe loading=\"lazy\" width=\"640px\" height=\"480px\" src=\"https:\/\/forms.office.com\/r\/7ek3eh7eNS?embed=true\" frameborder=\"0\" marginwidth=\"0\" marginheight=\"0\" style=\"border: none; max-width:100%; max-height:100vh\" allowfullscreen webkitallowfullscreen mozallowfullscreen msallowfullscreen> <\/iframe>\n","protected":false},"excerpt":{"rendered":"<p>La Facultad de Ciencias invita a postular para realizar pr\u00e1cticas preprofesionales en esta importante instituci\u00f3n p\u00fablica. Requisitos: Proceso de postulaci\u00f3n: Fecha l\u00edmite de postulaci\u00f3n: mi\u00e9rcoles 3 de julio de 2024 11h00 No dejes pasar esta oportunidad de adquirir experiencia laboral en el sector energ\u00e9tico y minero, aplicando tus conocimientos matem\u00e1ticos en proyectos de relevancia nacional. [&hellip;]<\/p>\n","protected":false},"author":2,"featured_media":1210,"comment_status":"closed","ping_status":"closed","sticky":false,"template":"","format":"standard","meta":{"footnotes":""},"categories":[57,213,6],"tags":[20,277],"class_list":["post-1197","post","type-post","status-publish","format-standard","has-post-thumbnail","hentry","category-bolsaempleo","category-convocatoria","category-noticias","tag-convocatoria","tag-practicas-preprofesionales"],"_links":{"self":[{"href":"https:\/\/ucentral.org\/informativo\/index.php\/wp-json\/wp\/v2\/posts\/1197","targetHints":{"allow":["GET"]}}],"collection":[{"href":"https:\/\/ucentral.org\/informativo\/index.php\/wp-json\/wp\/v2\/posts"}],"about":[{"href":"https:\/\/ucentral.org\/informativo\/index.php\/wp-json\/wp\/v2\/types\/post"}],"author":[{"embeddable":true,"href":"https:\/\/ucentral.org\/informativo\/index.php\/wp-json\/wp\/v2\/users\/2"}],"replies":[{"embeddable":true,"href":"https:\/\/ucentral.org\/informativo\/index.php\/wp-json\/wp\/v2\/comments?post=1197"}],"version-history":[{"count":5,"href":"https:\/\/ucentral.org\/informativo\/index.php\/wp-json\/wp\/v2\/posts\/1197\/revisions"}],"predecessor-version":[{"id":1209,"href":"https:\/\/ucentral.org\/informativo\/index.php\/wp-json\/wp\/v2\/posts\/1197\/revisions\/1209"}],"wp:featuredmedia":[{"embeddable":true,"href":"https:\/\/ucentral.org\/informativo\/index.php\/wp-json\/wp\/v2\/media\/1210"}],"wp:attachment":[{"href":"https:\/\/ucentral.org\/informativo\/index.php\/wp-json\/wp\/v2\/media?parent=1197"}],"wp:term":[{"taxonomy":"category","embeddable":true,"href":"https:\/\/ucentral.org\/informativo\/index.php\/wp-json\/wp\/v2\/categories?post=1197"},{"taxonomy":"post_tag","embeddable":true,"href":"https:\/\/ucentral.org\/informativo\/index.php\/wp-json\/wp\/v2\/tags?post=1197"}],"curies":[{"name":"wp","href":"https:\/\/api.w.org\/{rel}","templated":true}]}}