{"id":1246,"date":"2024-07-09T13:03:34","date_gmt":"2024-07-09T18:03:34","guid":{"rendered":"https:\/\/ucentral.org\/informativo\/?p=1246"},"modified":"2024-07-09T13:09:19","modified_gmt":"2024-07-09T18:09:19","slug":"posesion-de-la-nueva-comision-academica-de-la-universidad-central-del-ecuador","status":"publish","type":"post","link":"https:\/\/ucentral.org\/informativo\/index.php\/2024\/07\/09\/posesion-de-la-nueva-comision-academica-de-la-universidad-central-del-ecuador\/","title":{"rendered":"Posesi\u00f3n de la nueva Comisi\u00f3n Acad\u00e9mica de la Universidad Central del Ecuador"},"content":{"rendered":"\n<p>La Universidad Central del Ecuador celebr\u00f3 este 8 de julio de 2024, la posesi\u00f3n de los integrantes de su nueva Comisi\u00f3n Acad\u00e9mica, un hito que marca el inicio de un per\u00edodo fruct\u00edfero de legislaci\u00f3n y desarrollo acad\u00e9mico.<br>La participaci\u00f3n activa de la Facultad de Ciencias en esta comisi\u00f3n aportar\u00e1 una perspectiva valiosa y enriquecedora a las decisiones acad\u00e9micas de la Universidad desde la perspectiva de la ciencia y la innovaci\u00f3n.<\/p>\n","protected":false},"excerpt":{"rendered":"<p>La Universidad Central del Ecuador celebr\u00f3 este 8 de julio de 2024, la posesi\u00f3n de los integrantes de su nueva Comisi\u00f3n Acad\u00e9mica, un hito que marca el inicio de un per\u00edodo fruct\u00edfero de legislaci\u00f3n y desarrollo acad\u00e9mico.La participaci\u00f3n activa de la Facultad de Ciencias en esta comisi\u00f3n aportar\u00e1 una perspectiva valiosa y enriquecedora a las [&hellip;]<\/p>\n","protected":false},"author":2,"featured_media":1247,"comment_status":"closed","ping_status":"closed","sticky":false,"template":"","format":"standard","meta":{"footnotes":""},"categories":[164,6],"tags":[282,281],"class_list":["post-1246","post","type-post","status-publish","format-standard","has-post-thumbnail","hentry","category-eventos","category-noticias","tag-comision-academica","tag-posesion"],"_links":{"self":[{"href":"https:\/\/ucentral.org\/informativo\/index.php\/wp-json\/wp\/v2\/posts\/1246","targetHints":{"allow":["GET"]}}],"collection":[{"href":"https:\/\/ucentral.org\/informativo\/index.php\/wp-json\/wp\/v2\/posts"}],"about":[{"href":"https:\/\/ucentral.org\/informativo\/index.php\/wp-json\/wp\/v2\/types\/post"}],"author":[{"embeddable":true,"href":"https:\/\/ucentral.org\/informativo\/index.php\/wp-json\/wp\/v2\/users\/2"}],"replies":[{"embeddable":true,"href":"https:\/\/ucentral.org\/informativo\/index.php\/wp-json\/wp\/v2\/comments?post=1246"}],"version-history":[{"count":2,"href":"https:\/\/ucentral.org\/informativo\/index.php\/wp-json\/wp\/v2\/posts\/1246\/revisions"}],"predecessor-version":[{"id":1249,"href":"https:\/\/ucentral.org\/informativo\/index.php\/wp-json\/wp\/v2\/posts\/1246\/revisions\/1249"}],"wp:featuredmedia":[{"embeddable":true,"href":"https:\/\/ucentral.org\/informativo\/index.php\/wp-json\/wp\/v2\/media\/1247"}],"wp:attachment":[{"href":"https:\/\/ucentral.org\/informativo\/index.php\/wp-json\/wp\/v2\/media?parent=1246"}],"wp:term":[{"taxonomy":"category","embeddable":true,"href":"https:\/\/ucentral.org\/informativo\/index.php\/wp-json\/wp\/v2\/categories?post=1246"},{"taxonomy":"post_tag","embeddable":true,"href":"https:\/\/ucentral.org\/informativo\/index.php\/wp-json\/wp\/v2\/tags?post=1246"}],"curies":[{"name":"wp","href":"https:\/\/api.w.org\/{rel}","templated":true}]}}