{"id":1289,"date":"2024-07-22T11:19:34","date_gmt":"2024-07-22T16:19:34","guid":{"rendered":"https:\/\/ucentral.org\/informativo\/?p=1289"},"modified":"2024-07-22T11:19:35","modified_gmt":"2024-07-22T16:19:35","slug":"becas-para-la-escuela-de-primavera-en-analisis-numerico-de-ecuaciones-diferenciales-parciales-epanum-2024-concepcion-chile","status":"publish","type":"post","link":"https:\/\/ucentral.org\/informativo\/index.php\/2024\/07\/22\/becas-para-la-escuela-de-primavera-en-analisis-numerico-de-ecuaciones-diferenciales-parciales-epanum-2024-concepcion-chile\/","title":{"rendered":"Becas para la Escuela de Primavera en An\u00e1lisis Num\u00e9rico de Ecuaciones Diferenciales Parciales (EPANUM 2024) Concepci\u00f3n &#8211; Chile"},"content":{"rendered":"\n<p>La Escuela de Primavera en An\u00e1lisis Num\u00e9rico de Ecuaciones Diferenciales Parciales (EPANUM 2024) se llevar\u00e1 a cabo entre el 2 y el 9 de octubre de 2024 en Concepci\u00f3n.<\/p>\n\n\n\n<p>link del evento: <a href=\"https:\/\/eventos.cmm.uchile.cl\/epanum2024\/\">aqu\u00ed<\/a><\/p>\n\n\n\n<h1 class=\"wp-block-heading\">Bienvenida<\/h1>\n\n\n\n<p>La Escuela de Primavera en An\u00e1lisis Num\u00e9rico de Ecuaciones Diferenciales Parciales (EPANUM 2024) se llevar\u00e1 a cabo entre el 2 y el 9 de octubre de 2024 en Concepci\u00f3n.<\/p>\n\n\n\n<p>A trav\u00e9s de la EPANUM se desea dar a conocer a estudiantes chilenos y de otros pa\u00edses latinoamericanos los siguientes programas:<\/p>\n\n\n\n<ul class=\"wp-block-list\">\n<li>Doctorado en Ciencias Aplicadas con menci\u00f3n en Ingenier\u00eda Matem\u00e1tica,<br>impartido por el Departamento de Ingenier\u00eda Matem\u00e1tica perteneciente a la Facultad de Ciencias F\u00edsicas y Matem\u00e1ticas de la Universidad de Concepci\u00f3n<\/li>\n\n\n\n<li>Mag\u00edster en Matem\u00e1tica Aplicada impartido por los Departamentos de Matem\u00e1tica y Ciencias B\u00e1sicas de la Facultad de Ciencias de la Universidad del B\u00edo-B\u00edo<\/li>\n\n\n\n<li>Doctorado en Matem\u00e1tica Aplicada impartido por los Departamentos de Matem\u00e1tica y Ciencias B\u00e1sicas de la Facultad de Ciencias de la Universidad del B\u00edo-B\u00edo<\/li>\n\n\n\n<li>Mag\u00edster en Matem\u00e1tica Aplicada impartido por el Departamento de<br>Matem\u00e1tica y F\u00edsica Aplicadas, Facultad de Ingenier\u00eda, Universidad Cat\u00f3lica de la<br>Sant\u00edsima Concepci\u00f3n<\/li>\n\n\n\n<li><\/li>\n<\/ul>\n\n\n\n<h3 class=\"wp-block-heading\">Comit\u00e9 organizador<\/h3>\n\n\n\n<figure class=\"wp-block-image\"><img decoding=\"async\" src=\"https:\/\/www.ci2ma.udec.cl\/img\/investigadores\/20240328165445_RAIMUND.jpg\" alt=\"\"\/><\/figure>\n\n\n\n<p><a href=\"https:\/\/www.ing-mat.udec.cl\/~rburger\/\">Dr. Raimund B\u00fcrger, CMM \/ Universidad de Concepci\u00f3n<\/a><\/p>\n\n\n\n<figure class=\"wp-block-image\"><img decoding=\"async\" src=\"https:\/\/www.ci2ma.udec.cl\/img\/investigadores\/20230727175450_JESSIKA%20001.JPG\" alt=\"\"\/><\/figure>\n\n\n\n<p><a href=\"https:\/\/www.ci2ma.udec.cl\/jcamano\/\">Dra. Jessika Cama\u00f1o, CMM \/ Universidad Cat\u00f3lica de la Sant\u00edsima Concepci\u00f3n<\/a><\/p>\n\n\n\n<figure class=\"wp-block-image\"><img decoding=\"async\" src=\"https:\/\/www.ci2ma.udec.cl\/img\/investigadores\/20230727175735_DAVID%20001.jpg\" alt=\"\"\/><\/figure>\n\n\n\n<p><a href=\"http:\/\/ciencias.ubiobio.cl\/dmora\/\">Dr. David Mora, CMM \/ Universidad del B\u00edo-B\u00edo<\/a><\/p>\n\n\n\n<figure class=\"wp-block-image\"><img decoding=\"async\" src=\"https:\/\/www.ci2ma.udec.cl\/img\/investigadores\/20230727180154_MANUEL%20002.JPG\" alt=\"\"\/><\/figure>\n\n\n\n<p><a href=\"https:\/\/www.ing-mat.udec.cl\/~msolano\/\">Dr. Manuel Solano, CMM \/ Universidad de Concepci\u00f3n<\/a><\/p>\n\n\n\n<h1 class=\"wp-block-heading\">Becas<\/h1>\n\n\n\n<p>A estudiantes interesados en participar, tanto nacionales como extranjeros, se les invita a postular a un&nbsp;<strong>n\u00famero limitado de becas<\/strong>&nbsp;que otorgan un&nbsp;<strong>vi\u00e1tico<\/strong>&nbsp;para el&nbsp;<strong>financiamiento parcial de los gastos de traslado y estad\u00eda<\/strong>. Dicho beneficio ser\u00e1 entregado en pesos chilenos en el momento que cada participante becado se presente durante el primer d\u00eda del evento.<\/p>\n\n\n\n<p>Adem\u00e1s de lo requerido en&nbsp;<a href=\"https:\/\/www.ci2ma.udec.cl\/epanum2024\/#postulacion\">Postulaci\u00f3n<\/a>, quienes postulen a beca deben adjuntar:<\/p>\n\n\n\n<ul class=\"wp-block-list\">\n<li>Una carta de recomendaci\u00f3n.<\/li>\n\n\n\n<li>Pasaporte escaneado (extranjeros) o C\u00e9dula de identidad escaneada (nacionales).<\/li>\n<\/ul>\n\n\n\n<p>A su vez, deben indicar expl\u00edcitamente la necesidad de financiamiento (para qu\u00e9 y cu\u00e1nto), mencionando las eventuales contrapartes financieras, propias o institucionales, con las que cuentan. Todos los documentos deben ser enviados por correo electr\u00f3nico a\u00a0<a href=\"mailto:EPANUM2024@cmm.uchile.cl\">EPANUM2024@cmm.uchile.cl<\/a>\u00a0hasta el d\u00eda\u00a0<strong>Viernes 26 de julio de 2024, 12.00 horas de Chile continental.<\/strong><\/p>\n\n\n\n<h1 class=\"wp-block-heading\">Postulaci\u00f3n<\/h1>\n\n\n\n<p>Para&nbsp;<strong>participar<\/strong>&nbsp;en la Escuela de Primavera de An\u00e1lisis Num\u00e9rico 2024, los y las postulantes deben presentar los siguientes documentos:<\/p>\n\n\n\n<ul class=\"wp-block-list\">\n<li>Curriculum vitae actualizado.<\/li>\n\n\n\n<li>Certificado de notas (incluir escala de notas y nota m\u00ednima de aprobaci\u00f3n en dicha escala).<\/li>\n\n\n\n<li>Una carta de intenciones (no m\u00e1s de una p\u00e1gina) que incluya, por ejemplo, motivaci\u00f3n de asistir a la escuela, \u00e1rea de estudio a la que pertenece y tem\u00e1ticas en las que le gustar\u00eda especializarse.<\/li>\n\n\n\n<li>Financiamiento disponible y solicitado para costear estad\u00eda y traslado.<\/li>\n\n\n\n<li>En caso de requerir pasaje a\u00e9reo, itinerario propuesto.<\/li>\n<\/ul>\n\n\n\n<p>Estos documentos deben ser enviados por correo electr\u00f3nico a&nbsp;<a href=\"mailto:EPANUM2024@cmm.uchile.cl\">EPANUM2024@cmm.uchile.cl<\/a><\/p>\n\n\n\n<p>Para postulantes aceptados, la inscripci\u00f3n a la escuela es&nbsp;<strong>gratuita<\/strong>&nbsp;e incluye&nbsp;<strong>material (apuntes)<\/strong>&nbsp;y&nbsp;<em>coffee break<\/em>&nbsp;para los d\u00edas h\u00e1biles, y un&nbsp;<strong>diploma<\/strong>&nbsp;de participaci\u00f3n con previo rendimiento de un examen el d\u00eda 09 de Octubre.<\/p>\n\n\n\n<p>* El plazo l\u00edmite para recibir las postulaciones es el d\u00eda&nbsp;<strong>Viernes 30 de Agosto de 2024<\/strong><\/p>\n\n\n\n<h1 class=\"wp-block-heading\">Contacto en la Facultad de Ciencias<\/h1>\n\n\n\n<p><strong>Dr. Romel Pineda<br>Docente de la Facultad<\/strong><\/p>\n","protected":false},"excerpt":{"rendered":"<p>La Escuela de Primavera en An\u00e1lisis Num\u00e9rico de Ecuaciones Diferenciales Parciales (EPANUM 2024) se llevar\u00e1 a cabo entre el 2 y el 9 de octubre de 2024 en Concepci\u00f3n. link del evento: aqu\u00ed Bienvenida La Escuela de Primavera en An\u00e1lisis Num\u00e9rico de Ecuaciones Diferenciales Parciales (EPANUM 2024) se llevar\u00e1 a cabo entre el 2 y [&hellip;]<\/p>\n","protected":false},"author":2,"featured_media":1290,"comment_status":"closed","ping_status":"closed","sticky":false,"template":"","format":"standard","meta":{"footnotes":""},"categories":[19,213,13,164,6],"tags":[156,293,171,295,294],"class_list":["post-1289","post","type-post","status-publish","format-standard","has-post-thumbnail","hentry","category-becas","category-convocatoria","category-cursos-seminarios","category-eventos","category-noticias","tag-156","tag-analisis","tag-becas","tag-epanum","tag-numerico"],"_links":{"self":[{"href":"https:\/\/ucentral.org\/informativo\/index.php\/wp-json\/wp\/v2\/posts\/1289","targetHints":{"allow":["GET"]}}],"collection":[{"href":"https:\/\/ucentral.org\/informativo\/index.php\/wp-json\/wp\/v2\/posts"}],"about":[{"href":"https:\/\/ucentral.org\/informativo\/index.php\/wp-json\/wp\/v2\/types\/post"}],"author":[{"embeddable":true,"href":"https:\/\/ucentral.org\/informativo\/index.php\/wp-json\/wp\/v2\/users\/2"}],"replies":[{"embeddable":true,"href":"https:\/\/ucentral.org\/informativo\/index.php\/wp-json\/wp\/v2\/comments?post=1289"}],"version-history":[{"count":1,"href":"https:\/\/ucentral.org\/informativo\/index.php\/wp-json\/wp\/v2\/posts\/1289\/revisions"}],"predecessor-version":[{"id":1291,"href":"https:\/\/ucentral.org\/informativo\/index.php\/wp-json\/wp\/v2\/posts\/1289\/revisions\/1291"}],"wp:featuredmedia":[{"embeddable":true,"href":"https:\/\/ucentral.org\/informativo\/index.php\/wp-json\/wp\/v2\/media\/1290"}],"wp:attachment":[{"href":"https:\/\/ucentral.org\/informativo\/index.php\/wp-json\/wp\/v2\/media?parent=1289"}],"wp:term":[{"taxonomy":"category","embeddable":true,"href":"https:\/\/ucentral.org\/informativo\/index.php\/wp-json\/wp\/v2\/categories?post=1289"},{"taxonomy":"post_tag","embeddable":true,"href":"https:\/\/ucentral.org\/informativo\/index.php\/wp-json\/wp\/v2\/tags?post=1289"}],"curies":[{"name":"wp","href":"https:\/\/api.w.org\/{rel}","templated":true}]}}