{"id":1309,"date":"2024-07-23T13:56:12","date_gmt":"2024-07-23T18:56:12","guid":{"rendered":"https:\/\/ucentral.org\/informativo\/?p=1309"},"modified":"2024-07-24T13:12:02","modified_gmt":"2024-07-24T18:12:02","slug":"conversatorio-grupo-de-investigacion-galileo-los-numeros","status":"publish","type":"post","link":"https:\/\/ucentral.org\/informativo\/index.php\/2024\/07\/23\/conversatorio-grupo-de-investigacion-galileo-los-numeros\/","title":{"rendered":"Conversatorio Grupo de Investigaci\u00f3n Galileo: Los n\u00fameros"},"content":{"rendered":"\n<p><strong>Fecha:<\/strong> 24-07-2024<\/p>\n\n\n\n<p><strong>Lugar:<\/strong> Aula 4 de la Facultad de Ciencias<\/p>\n\n\n\n<p>Con una nutrida concurrencia se realiz\u00f3 el conversatorio &#8220;Los n\u00fameros&#8221; a cargo del Matem\u00e1tico Benjam\u00edn Valarezo. La bienvenida estuvo a cargo del Dr. Iv\u00e1n Naula (Subdecano) y del Dr. Darwin Caina (Director del Grupo de Investigaci\u00f3n Galileo).<\/p>\n\n\n\n<figure class=\"wp-block-gallery has-nested-images columns-default is-cropped wp-block-gallery-1 is-layout-flex wp-block-gallery-is-layout-flex\">\n<figure class=\"wp-block-image size-large\"><img loading=\"lazy\" decoding=\"async\" width=\"1024\" height=\"768\" data-id=\"1313\" src=\"https:\/\/ucentral.org\/informativo\/wp-content\/uploads\/2024\/07\/galileo07-1024x768.jpg\" alt=\"\" class=\"wp-image-1313\" srcset=\"https:\/\/ucentral.org\/informativo\/wp-content\/uploads\/2024\/07\/galileo07-1024x768.jpg 1024w, https:\/\/ucentral.org\/informativo\/wp-content\/uploads\/2024\/07\/galileo07-300x225.jpg 300w, https:\/\/ucentral.org\/informativo\/wp-content\/uploads\/2024\/07\/galileo07-768x576.jpg 768w, https:\/\/ucentral.org\/informativo\/wp-content\/uploads\/2024\/07\/galileo07-1536x1152.jpg 1536w, https:\/\/ucentral.org\/informativo\/wp-content\/uploads\/2024\/07\/galileo07-136x102.jpg 136w, https:\/\/ucentral.org\/informativo\/wp-content\/uploads\/2024\/07\/galileo07.jpg 1600w\" sizes=\"auto, (max-width: 1024px) 100vw, 1024px\" \/><\/figure>\n\n\n\n<figure class=\"wp-block-image size-large\"><img loading=\"lazy\" decoding=\"async\" width=\"1024\" height=\"768\" data-id=\"1314\" src=\"https:\/\/ucentral.org\/informativo\/wp-content\/uploads\/2024\/07\/galileo08-1024x768.jpg\" alt=\"\" class=\"wp-image-1314\" srcset=\"https:\/\/ucentral.org\/informativo\/wp-content\/uploads\/2024\/07\/galileo08-1024x768.jpg 1024w, https:\/\/ucentral.org\/informativo\/wp-content\/uploads\/2024\/07\/galileo08-300x225.jpg 300w, https:\/\/ucentral.org\/informativo\/wp-content\/uploads\/2024\/07\/galileo08-768x576.jpg 768w, https:\/\/ucentral.org\/informativo\/wp-content\/uploads\/2024\/07\/galileo08-1536x1152.jpg 1536w, https:\/\/ucentral.org\/informativo\/wp-content\/uploads\/2024\/07\/galileo08-136x102.jpg 136w, https:\/\/ucentral.org\/informativo\/wp-content\/uploads\/2024\/07\/galileo08.jpg 1600w\" sizes=\"auto, (max-width: 1024px) 100vw, 1024px\" \/><\/figure>\n<\/figure>\n","protected":false},"excerpt":{"rendered":"<p>Fecha: 24-07-2024 Lugar: Aula 4 de la Facultad de Ciencias Con una nutrida concurrencia se realiz\u00f3 el conversatorio &#8220;Los n\u00fameros&#8221; a cargo del Matem\u00e1tico Benjam\u00edn Valarezo. La bienvenida estuvo a cargo del Dr. Iv\u00e1n Naula (Subdecano) y del Dr. Darwin Caina (Director del Grupo de Investigaci\u00f3n Galileo).<\/p>\n","protected":false},"author":2,"featured_media":1310,"comment_status":"closed","ping_status":"closed","sticky":false,"template":"","format":"standard","meta":{"footnotes":""},"categories":[164,6],"tags":[298],"class_list":["post-1309","post","type-post","status-publish","format-standard","has-post-thumbnail","hentry","category-eventos","category-noticias","tag-grupo-galileo"],"_links":{"self":[{"href":"https:\/\/ucentral.org\/informativo\/index.php\/wp-json\/wp\/v2\/posts\/1309","targetHints":{"allow":["GET"]}}],"collection":[{"href":"https:\/\/ucentral.org\/informativo\/index.php\/wp-json\/wp\/v2\/posts"}],"about":[{"href":"https:\/\/ucentral.org\/informativo\/index.php\/wp-json\/wp\/v2\/types\/post"}],"author":[{"embeddable":true,"href":"https:\/\/ucentral.org\/informativo\/index.php\/wp-json\/wp\/v2\/users\/2"}],"replies":[{"embeddable":true,"href":"https:\/\/ucentral.org\/informativo\/index.php\/wp-json\/wp\/v2\/comments?post=1309"}],"version-history":[{"count":4,"href":"https:\/\/ucentral.org\/informativo\/index.php\/wp-json\/wp\/v2\/posts\/1309\/revisions"}],"predecessor-version":[{"id":1319,"href":"https:\/\/ucentral.org\/informativo\/index.php\/wp-json\/wp\/v2\/posts\/1309\/revisions\/1319"}],"wp:featuredmedia":[{"embeddable":true,"href":"https:\/\/ucentral.org\/informativo\/index.php\/wp-json\/wp\/v2\/media\/1310"}],"wp:attachment":[{"href":"https:\/\/ucentral.org\/informativo\/index.php\/wp-json\/wp\/v2\/media?parent=1309"}],"wp:term":[{"taxonomy":"category","embeddable":true,"href":"https:\/\/ucentral.org\/informativo\/index.php\/wp-json\/wp\/v2\/categories?post=1309"},{"taxonomy":"post_tag","embeddable":true,"href":"https:\/\/ucentral.org\/informativo\/index.php\/wp-json\/wp\/v2\/tags?post=1309"}],"curies":[{"name":"wp","href":"https:\/\/api.w.org\/{rel}","templated":true}]}}