{"id":1320,"date":"2024-07-25T14:21:11","date_gmt":"2024-07-25T19:21:11","guid":{"rendered":"https:\/\/ucentral.org\/informativo\/?p=1320"},"modified":"2024-07-25T14:53:29","modified_gmt":"2024-07-25T19:53:29","slug":"manana-deportiva-de-integracion-facultad-de-ciencias","status":"publish","type":"post","link":"https:\/\/ucentral.org\/informativo\/index.php\/2024\/07\/25\/manana-deportiva-de-integracion-facultad-de-ciencias\/","title":{"rendered":"Ma\u00f1ana deportiva de integraci\u00f3n &#8211; Facultad de Ciencias"},"content":{"rendered":"\n<p>Por iniciativa de los estudiantes de la Facultad de Ciencias se realiz\u00f3 este jueves 25 de julio una ma\u00f1ana deportiva con el objetivo de fomentar la integraci\u00f3n y el compa\u00f1erismo entre los estudiantes de la Facultad, as\u00ed como promover la actividad f\u00edsica y el deporte como herramientas para el desarrollo integral de los j\u00f3venes.<\/p>\n\n\n\n<figure class=\"wp-block-image size-large\"><img loading=\"lazy\" decoding=\"async\" width=\"1024\" height=\"543\" src=\"https:\/\/ucentral.org\/informativo\/wp-content\/uploads\/2024\/07\/deportes02b-1024x543.png\" alt=\"\" class=\"wp-image-1321\" srcset=\"https:\/\/ucentral.org\/informativo\/wp-content\/uploads\/2024\/07\/deportes02b-1024x543.png 1024w, https:\/\/ucentral.org\/informativo\/wp-content\/uploads\/2024\/07\/deportes02b-300x159.png 300w, https:\/\/ucentral.org\/informativo\/wp-content\/uploads\/2024\/07\/deportes02b-768x407.png 768w, https:\/\/ucentral.org\/informativo\/wp-content\/uploads\/2024\/07\/deportes02b.png 1392w\" sizes=\"auto, (max-width: 1024px) 100vw, 1024px\" \/><\/figure>\n\n\n\n<figure class=\"wp-block-image size-large\"><img loading=\"lazy\" decoding=\"async\" width=\"1024\" height=\"543\" src=\"https:\/\/ucentral.org\/informativo\/wp-content\/uploads\/2024\/07\/deportes01b-1024x543.png\" alt=\"\" class=\"wp-image-1322\" srcset=\"https:\/\/ucentral.org\/informativo\/wp-content\/uploads\/2024\/07\/deportes01b-1024x543.png 1024w, https:\/\/ucentral.org\/informativo\/wp-content\/uploads\/2024\/07\/deportes01b-300x159.png 300w, https:\/\/ucentral.org\/informativo\/wp-content\/uploads\/2024\/07\/deportes01b-768x407.png 768w, https:\/\/ucentral.org\/informativo\/wp-content\/uploads\/2024\/07\/deportes01b.png 1392w\" sizes=\"auto, (max-width: 1024px) 100vw, 1024px\" \/><\/figure>\n\n\n\n<figure class=\"wp-block-image size-large\"><img loading=\"lazy\" decoding=\"async\" width=\"1024\" height=\"543\" src=\"https:\/\/ucentral.org\/informativo\/wp-content\/uploads\/2024\/07\/deportes08b-1024x543.png\" alt=\"\" class=\"wp-image-1329\" srcset=\"https:\/\/ucentral.org\/informativo\/wp-content\/uploads\/2024\/07\/deportes08b-1024x543.png 1024w, https:\/\/ucentral.org\/informativo\/wp-content\/uploads\/2024\/07\/deportes08b-300x159.png 300w, https:\/\/ucentral.org\/informativo\/wp-content\/uploads\/2024\/07\/deportes08b-768x407.png 768w, https:\/\/ucentral.org\/informativo\/wp-content\/uploads\/2024\/07\/deportes08b.png 1392w\" sizes=\"auto, (max-width: 1024px) 100vw, 1024px\" \/><\/figure>\n\n\n\n<figure class=\"wp-block-gallery has-nested-images columns-default is-cropped wp-block-gallery-1 is-layout-flex wp-block-gallery-is-layout-flex\">\n<figure class=\"wp-block-image size-large\"><img loading=\"lazy\" decoding=\"async\" width=\"840\" height=\"445\" data-id=\"1331\" src=\"https:\/\/ucentral.org\/informativo\/wp-content\/uploads\/2024\/07\/deportes07c.png\" alt=\"\" class=\"wp-image-1331\" srcset=\"https:\/\/ucentral.org\/informativo\/wp-content\/uploads\/2024\/07\/deportes07c.png 840w, https:\/\/ucentral.org\/informativo\/wp-content\/uploads\/2024\/07\/deportes07c-300x159.png 300w, https:\/\/ucentral.org\/informativo\/wp-content\/uploads\/2024\/07\/deportes07c-768x407.png 768w\" sizes=\"auto, (max-width: 840px) 100vw, 840px\" \/><\/figure>\n<\/figure>\n\n\n\n<figure class=\"wp-block-image size-full\"><img loading=\"lazy\" decoding=\"async\" width=\"840\" height=\"445\" src=\"https:\/\/ucentral.org\/informativo\/wp-content\/uploads\/2024\/07\/deportes06c.png\" alt=\"\" class=\"wp-image-1332\" srcset=\"https:\/\/ucentral.org\/informativo\/wp-content\/uploads\/2024\/07\/deportes06c.png 840w, https:\/\/ucentral.org\/informativo\/wp-content\/uploads\/2024\/07\/deportes06c-300x159.png 300w, https:\/\/ucentral.org\/informativo\/wp-content\/uploads\/2024\/07\/deportes06c-768x407.png 768w\" sizes=\"auto, (max-width: 840px) 100vw, 840px\" \/><\/figure>\n\n\n\n<figure class=\"wp-block-image size-full\"><img loading=\"lazy\" decoding=\"async\" width=\"840\" height=\"445\" src=\"https:\/\/ucentral.org\/informativo\/wp-content\/uploads\/2024\/07\/deportes10c.png\" alt=\"\" class=\"wp-image-1336\" srcset=\"https:\/\/ucentral.org\/informativo\/wp-content\/uploads\/2024\/07\/deportes10c.png 840w, https:\/\/ucentral.org\/informativo\/wp-content\/uploads\/2024\/07\/deportes10c-300x159.png 300w, https:\/\/ucentral.org\/informativo\/wp-content\/uploads\/2024\/07\/deportes10c-768x407.png 768w\" sizes=\"auto, (max-width: 840px) 100vw, 840px\" \/><\/figure>\n","protected":false},"excerpt":{"rendered":"<p>Por iniciativa de los estudiantes de la Facultad de Ciencias se realiz\u00f3 este jueves 25 de julio una ma\u00f1ana deportiva con el objetivo de fomentar la integraci\u00f3n y el compa\u00f1erismo entre los estudiantes de la Facultad, as\u00ed como promover la actividad f\u00edsica y el deporte como herramientas para el desarrollo integral de los j\u00f3venes.<\/p>\n","protected":false},"author":2,"featured_media":1335,"comment_status":"closed","ping_status":"closed","sticky":false,"template":"","format":"standard","meta":{"footnotes":""},"categories":[299,164,6],"tags":[300,301],"class_list":["post-1320","post","type-post","status-publish","format-standard","has-post-thumbnail","hentry","category-deportes","category-eventos","category-noticias","tag-deportes","tag-integracion"],"_links":{"self":[{"href":"https:\/\/ucentral.org\/informativo\/index.php\/wp-json\/wp\/v2\/posts\/1320","targetHints":{"allow":["GET"]}}],"collection":[{"href":"https:\/\/ucentral.org\/informativo\/index.php\/wp-json\/wp\/v2\/posts"}],"about":[{"href":"https:\/\/ucentral.org\/informativo\/index.php\/wp-json\/wp\/v2\/types\/post"}],"author":[{"embeddable":true,"href":"https:\/\/ucentral.org\/informativo\/index.php\/wp-json\/wp\/v2\/users\/2"}],"replies":[{"embeddable":true,"href":"https:\/\/ucentral.org\/informativo\/index.php\/wp-json\/wp\/v2\/comments?post=1320"}],"version-history":[{"count":5,"href":"https:\/\/ucentral.org\/informativo\/index.php\/wp-json\/wp\/v2\/posts\/1320\/revisions"}],"predecessor-version":[{"id":1339,"href":"https:\/\/ucentral.org\/informativo\/index.php\/wp-json\/wp\/v2\/posts\/1320\/revisions\/1339"}],"wp:featuredmedia":[{"embeddable":true,"href":"https:\/\/ucentral.org\/informativo\/index.php\/wp-json\/wp\/v2\/media\/1335"}],"wp:attachment":[{"href":"https:\/\/ucentral.org\/informativo\/index.php\/wp-json\/wp\/v2\/media?parent=1320"}],"wp:term":[{"taxonomy":"category","embeddable":true,"href":"https:\/\/ucentral.org\/informativo\/index.php\/wp-json\/wp\/v2\/categories?post=1320"},{"taxonomy":"post_tag","embeddable":true,"href":"https:\/\/ucentral.org\/informativo\/index.php\/wp-json\/wp\/v2\/tags?post=1320"}],"curies":[{"name":"wp","href":"https:\/\/api.w.org\/{rel}","templated":true}]}}