{"id":1369,"date":"2024-08-26T19:12:54","date_gmt":"2024-08-27T00:12:54","guid":{"rendered":"https:\/\/ucentral.org\/informativo\/?p=1369"},"modified":"2024-08-28T23:17:53","modified_gmt":"2024-08-29T04:17:53","slug":"escuela-de-verano-geometria-desde-la-mitad-del-mundo","status":"publish","type":"post","link":"https:\/\/ucentral.org\/informativo\/index.php\/2024\/08\/26\/escuela-de-verano-geometria-desde-la-mitad-del-mundo\/","title":{"rendered":"Escuela de Verano \u201cGeometr\u00eda desde la Mitad del Mundo\u201d"},"content":{"rendered":"\n<p>La escuela de Verano \u201cGeometr\u00eda desde la Mitad del Mundo\u201d se realizar\u00e1 del 26 de agosto al 5 de septiembre de 2024, y en ella se desarrollar\u00e1n 5 cursos en distintas \u00e1reas de la Geometr\u00eda. El objetivo de \u00e9sta es compartir, difundir conocimientos y fomentar la investigaci\u00f3n en el \u00e1rea de la Geometr\u00eda. Los cursos ser\u00e1n dictados por investigadores de diversas universidades latinoamericanas, y cada curso se desarrollar\u00e1 seg\u00fan el cronograma propuesto. La escuela tendr\u00e1 una modalidad h\u00edbrida: la modalidad virtual ser\u00e1 por medio de la plataforma Zoom, en la cual se transmitir\u00e1n en vivo los cursos presenciales, los cuales se desarrollar\u00e1n del 26 al 29 de agosto en la Escuela Polit\u00e9cnica Nacional y del 2 al 5 de en la Universidad Central del Ecuador.<\/p>\n\n\n\n<figure class=\"wp-block-gallery has-nested-images columns-default is-cropped wp-block-gallery-1 is-layout-flex wp-block-gallery-is-layout-flex\">\n<figure class=\"wp-block-image size-large\"><img loading=\"lazy\" decoding=\"async\" width=\"804\" height=\"1024\" data-id=\"1371\" src=\"https:\/\/ucentral.org\/informativo\/wp-content\/uploads\/2024\/08\/geometria02-804x1024.jpg\" alt=\"\" class=\"wp-image-1371\" srcset=\"https:\/\/ucentral.org\/informativo\/wp-content\/uploads\/2024\/08\/geometria02-804x1024.jpg 804w, https:\/\/ucentral.org\/informativo\/wp-content\/uploads\/2024\/08\/geometria02-236x300.jpg 236w, https:\/\/ucentral.org\/informativo\/wp-content\/uploads\/2024\/08\/geometria02-768x978.jpg 768w, https:\/\/ucentral.org\/informativo\/wp-content\/uploads\/2024\/08\/geometria02-1207x1536.jpg 1207w, https:\/\/ucentral.org\/informativo\/wp-content\/uploads\/2024\/08\/geometria02-1609x2048.jpg 1609w, https:\/\/ucentral.org\/informativo\/wp-content\/uploads\/2024\/08\/geometria02-scaled.jpg 2011w\" sizes=\"auto, (max-width: 804px) 100vw, 804px\" \/><\/figure>\n\n\n\n<figure class=\"wp-block-image size-large\"><img loading=\"lazy\" decoding=\"async\" width=\"768\" height=\"1024\" data-id=\"1373\" src=\"https:\/\/ucentral.org\/informativo\/wp-content\/uploads\/2024\/08\/geometria04-768x1024.jpg\" alt=\"\" class=\"wp-image-1373\" srcset=\"https:\/\/ucentral.org\/informativo\/wp-content\/uploads\/2024\/08\/geometria04-768x1024.jpg 768w, https:\/\/ucentral.org\/informativo\/wp-content\/uploads\/2024\/08\/geometria04-225x300.jpg 225w, https:\/\/ucentral.org\/informativo\/wp-content\/uploads\/2024\/08\/geometria04-1152x1536.jpg 1152w, https:\/\/ucentral.org\/informativo\/wp-content\/uploads\/2024\/08\/geometria04.jpg 1200w\" sizes=\"auto, (max-width: 768px) 100vw, 768px\" \/><\/figure>\n\n\n\n<figure class=\"wp-block-image size-large\"><img loading=\"lazy\" decoding=\"async\" width=\"768\" height=\"1024\" data-id=\"1372\" src=\"https:\/\/ucentral.org\/informativo\/wp-content\/uploads\/2024\/08\/geometria03-768x1024.jpg\" alt=\"\" class=\"wp-image-1372\" srcset=\"https:\/\/ucentral.org\/informativo\/wp-content\/uploads\/2024\/08\/geometria03-768x1024.jpg 768w, https:\/\/ucentral.org\/informativo\/wp-content\/uploads\/2024\/08\/geometria03-225x300.jpg 225w, https:\/\/ucentral.org\/informativo\/wp-content\/uploads\/2024\/08\/geometria03-1152x1536.jpg 1152w, https:\/\/ucentral.org\/informativo\/wp-content\/uploads\/2024\/08\/geometria03.jpg 1200w\" sizes=\"auto, (max-width: 768px) 100vw, 768px\" \/><\/figure>\n\n\n\n<figure class=\"wp-block-image size-large\"><img loading=\"lazy\" decoding=\"async\" width=\"768\" height=\"1024\" data-id=\"1375\" src=\"https:\/\/ucentral.org\/informativo\/wp-content\/uploads\/2024\/08\/geometria06-768x1024.jpg\" alt=\"\" class=\"wp-image-1375\" srcset=\"https:\/\/ucentral.org\/informativo\/wp-content\/uploads\/2024\/08\/geometria06-768x1024.jpg 768w, https:\/\/ucentral.org\/informativo\/wp-content\/uploads\/2024\/08\/geometria06-225x300.jpg 225w, https:\/\/ucentral.org\/informativo\/wp-content\/uploads\/2024\/08\/geometria06-1152x1536.jpg 1152w, https:\/\/ucentral.org\/informativo\/wp-content\/uploads\/2024\/08\/geometria06.jpg 1200w\" sizes=\"auto, (max-width: 768px) 100vw, 768px\" \/><\/figure>\n\n\n\n<figure class=\"wp-block-image size-large\"><img loading=\"lazy\" decoding=\"async\" width=\"768\" height=\"1024\" data-id=\"1377\" src=\"https:\/\/ucentral.org\/informativo\/wp-content\/uploads\/2024\/08\/geometria08-768x1024.jpg\" alt=\"\" class=\"wp-image-1377\" srcset=\"https:\/\/ucentral.org\/informativo\/wp-content\/uploads\/2024\/08\/geometria08-768x1024.jpg 768w, https:\/\/ucentral.org\/informativo\/wp-content\/uploads\/2024\/08\/geometria08-225x300.jpg 225w, https:\/\/ucentral.org\/informativo\/wp-content\/uploads\/2024\/08\/geometria08-1152x1536.jpg 1152w, https:\/\/ucentral.org\/informativo\/wp-content\/uploads\/2024\/08\/geometria08.jpg 1200w\" sizes=\"auto, (max-width: 768px) 100vw, 768px\" \/><\/figure>\n\n\n\n<figure class=\"wp-block-image size-large\"><img loading=\"lazy\" decoding=\"async\" width=\"768\" height=\"1024\" data-id=\"1376\" src=\"https:\/\/ucentral.org\/informativo\/wp-content\/uploads\/2024\/08\/geometria07-768x1024.jpg\" alt=\"\" class=\"wp-image-1376\" srcset=\"https:\/\/ucentral.org\/informativo\/wp-content\/uploads\/2024\/08\/geometria07-768x1024.jpg 768w, https:\/\/ucentral.org\/informativo\/wp-content\/uploads\/2024\/08\/geometria07-225x300.jpg 225w, https:\/\/ucentral.org\/informativo\/wp-content\/uploads\/2024\/08\/geometria07-1152x1536.jpg 1152w, https:\/\/ucentral.org\/informativo\/wp-content\/uploads\/2024\/08\/geometria07.jpg 1200w\" sizes=\"auto, (max-width: 768px) 100vw, 768px\" \/><\/figure>\n<\/figure>\n\n\n\n<div data-wp-interactive=\"core\/file\" class=\"wp-block-file\"><object data-wp-bind--hidden=\"!state.hasPdfPreview\" hidden class=\"wp-block-file__embed\" data=\"https:\/\/ucentral.org\/informativo\/wp-content\/uploads\/2024\/08\/geometria10.pdf\" type=\"application\/pdf\" style=\"width:100%;height:600px\" aria-label=\"Incrustado de Programa.\"><\/object><a id=\"wp-block-file--media-907f13ba-2e08-4d91-b7b0-120d8ceaa45b\" href=\"https:\/\/ucentral.org\/informativo\/wp-content\/uploads\/2024\/08\/geometria10.pdf\">Programa<\/a><\/div>\n\n\n<div class=\"wp-block-image\">\n<figure class=\"aligncenter size-thumbnail\"><img loading=\"lazy\" decoding=\"async\" width=\"150\" height=\"150\" src=\"https:\/\/ucentral.org\/informativo\/wp-content\/uploads\/2024\/08\/logoFCiencias-Transparente-Pequeno-150x150.png\" alt=\"\" class=\"wp-image-1379\" srcset=\"https:\/\/ucentral.org\/informativo\/wp-content\/uploads\/2024\/08\/logoFCiencias-Transparente-Pequeno-150x150.png 150w, https:\/\/ucentral.org\/informativo\/wp-content\/uploads\/2024\/08\/logoFCiencias-Transparente-Pequeno-300x300.png 300w, https:\/\/ucentral.org\/informativo\/wp-content\/uploads\/2024\/08\/logoFCiencias-Transparente-Pequeno.png 372w\" sizes=\"auto, (max-width: 150px) 100vw, 150px\" \/><\/figure>\n<\/div>\n\n\n<p class=\"has-vivid-cyan-blue-color has-text-color has-link-color wp-elements-ff1a3edf69c0fca9569a913a3096ec00\"><strong>Galer\u00eda de fotograf\u00edas del evento<\/strong><\/p>\n\n\n\n<figure class=\"wp-block-gallery has-nested-images columns-default is-cropped wp-block-gallery-2 is-layout-flex wp-block-gallery-is-layout-flex\">\n<figure class=\"wp-block-image size-large\"><img loading=\"lazy\" decoding=\"async\" width=\"800\" height=\"462\" data-id=\"1386\" src=\"https:\/\/ucentral.org\/informativo\/wp-content\/uploads\/2024\/08\/cursoGeometriaEscuelaVerano2024-02.jpg\" alt=\"\" class=\"wp-image-1386\" srcset=\"https:\/\/ucentral.org\/informativo\/wp-content\/uploads\/2024\/08\/cursoGeometriaEscuelaVerano2024-02.jpg 800w, https:\/\/ucentral.org\/informativo\/wp-content\/uploads\/2024\/08\/cursoGeometriaEscuelaVerano2024-02-300x173.jpg 300w, https:\/\/ucentral.org\/informativo\/wp-content\/uploads\/2024\/08\/cursoGeometriaEscuelaVerano2024-02-768x444.jpg 768w\" sizes=\"auto, (max-width: 800px) 100vw, 800px\" \/><\/figure>\n<\/figure>\n\n\n\n<figure class=\"wp-block-gallery has-nested-images columns-default is-cropped wp-block-gallery-3 is-layout-flex wp-block-gallery-is-layout-flex\">\n<figure class=\"wp-block-image size-large\"><img loading=\"lazy\" decoding=\"async\" width=\"800\" height=\"462\" data-id=\"1389\" src=\"https:\/\/ucentral.org\/informativo\/wp-content\/uploads\/2024\/08\/cursoGeometriaEscuelaVerano2024-01-1.jpg\" alt=\"\" class=\"wp-image-1389\" srcset=\"https:\/\/ucentral.org\/informativo\/wp-content\/uploads\/2024\/08\/cursoGeometriaEscuelaVerano2024-01-1.jpg 800w, https:\/\/ucentral.org\/informativo\/wp-content\/uploads\/2024\/08\/cursoGeometriaEscuelaVerano2024-01-1-300x173.jpg 300w, https:\/\/ucentral.org\/informativo\/wp-content\/uploads\/2024\/08\/cursoGeometriaEscuelaVerano2024-01-1-768x444.jpg 768w\" sizes=\"auto, (max-width: 800px) 100vw, 800px\" \/><\/figure>\n<\/figure>\n","protected":false},"excerpt":{"rendered":"<p>La escuela de Verano \u201cGeometr\u00eda desde la Mitad del Mundo\u201d se realizar\u00e1 del 26 de agosto al 5 de septiembre de 2024, y en ella se desarrollar\u00e1n 5 cursos en distintas \u00e1reas de la Geometr\u00eda. El objetivo de \u00e9sta es compartir, difundir conocimientos y fomentar la investigaci\u00f3n en el \u00e1rea de la Geometr\u00eda. Los cursos [&hellip;]<\/p>\n","protected":false},"author":2,"featured_media":1370,"comment_status":"closed","ping_status":"closed","sticky":false,"template":"","format":"standard","meta":{"footnotes":""},"categories":[13,164],"tags":[26,12],"class_list":["post-1369","post","type-post","status-publish","format-standard","has-post-thumbnail","hentry","category-cursos-seminarios","category-eventos","tag-curso","tag-geometria"],"_links":{"self":[{"href":"https:\/\/ucentral.org\/informativo\/index.php\/wp-json\/wp\/v2\/posts\/1369","targetHints":{"allow":["GET"]}}],"collection":[{"href":"https:\/\/ucentral.org\/informativo\/index.php\/wp-json\/wp\/v2\/posts"}],"about":[{"href":"https:\/\/ucentral.org\/informativo\/index.php\/wp-json\/wp\/v2\/types\/post"}],"author":[{"embeddable":true,"href":"https:\/\/ucentral.org\/informativo\/index.php\/wp-json\/wp\/v2\/users\/2"}],"replies":[{"embeddable":true,"href":"https:\/\/ucentral.org\/informativo\/index.php\/wp-json\/wp\/v2\/comments?post=1369"}],"version-history":[{"count":2,"href":"https:\/\/ucentral.org\/informativo\/index.php\/wp-json\/wp\/v2\/posts\/1369\/revisions"}],"predecessor-version":[{"id":1390,"href":"https:\/\/ucentral.org\/informativo\/index.php\/wp-json\/wp\/v2\/posts\/1369\/revisions\/1390"}],"wp:featuredmedia":[{"embeddable":true,"href":"https:\/\/ucentral.org\/informativo\/index.php\/wp-json\/wp\/v2\/media\/1370"}],"wp:attachment":[{"href":"https:\/\/ucentral.org\/informativo\/index.php\/wp-json\/wp\/v2\/media?parent=1369"}],"wp:term":[{"taxonomy":"category","embeddable":true,"href":"https:\/\/ucentral.org\/informativo\/index.php\/wp-json\/wp\/v2\/categories?post=1369"},{"taxonomy":"post_tag","embeddable":true,"href":"https:\/\/ucentral.org\/informativo\/index.php\/wp-json\/wp\/v2\/tags?post=1369"}],"curies":[{"name":"wp","href":"https:\/\/api.w.org\/{rel}","templated":true}]}}