{"id":1396,"date":"2024-08-30T10:25:35","date_gmt":"2024-08-30T15:25:35","guid":{"rendered":"https:\/\/ucentral.org\/informativo\/?p=1396"},"modified":"2024-08-30T10:25:35","modified_gmt":"2024-08-30T15:25:35","slug":"recordatorio-de-fechas-del-proceso-de-titulacion-periodo-de-culminacion-de-malla-2024-2024","status":"publish","type":"post","link":"https:\/\/ucentral.org\/informativo\/index.php\/2024\/08\/30\/recordatorio-de-fechas-del-proceso-de-titulacion-periodo-de-culminacion-de-malla-2024-2024\/","title":{"rendered":"Recordatorio de fechas del proceso de titulaci\u00f3n: per\u00edodo de culminaci\u00f3n de malla 2024-2024"},"content":{"rendered":"\n<p><\/p>\n\n\n\n<figure class=\"wp-block-image size-full\"><img loading=\"lazy\" decoding=\"async\" width=\"921\" height=\"272\" src=\"https:\/\/ucentral.org\/informativo\/wp-content\/uploads\/2024\/08\/TitulacionRecordatorioFechas01.jpg\" alt=\"\" class=\"wp-image-1397\" srcset=\"https:\/\/ucentral.org\/informativo\/wp-content\/uploads\/2024\/08\/TitulacionRecordatorioFechas01.jpg 921w, https:\/\/ucentral.org\/informativo\/wp-content\/uploads\/2024\/08\/TitulacionRecordatorioFechas01-300x89.jpg 300w, https:\/\/ucentral.org\/informativo\/wp-content\/uploads\/2024\/08\/TitulacionRecordatorioFechas01-768x227.jpg 768w\" sizes=\"auto, (max-width: 921px) 100vw, 921px\" \/><\/figure>\n","protected":false},"excerpt":{"rendered":"","protected":false},"author":2,"featured_media":0,"comment_status":"closed","ping_status":"closed","sticky":false,"template":"","format":"standard","meta":{"footnotes":""},"categories":[6,129],"tags":[135],"class_list":["post-1396","post","type-post","status-publish","format-standard","hentry","category-noticias","category-titulacion","tag-titulacion-2"],"_links":{"self":[{"href":"https:\/\/ucentral.org\/informativo\/index.php\/wp-json\/wp\/v2\/posts\/1396","targetHints":{"allow":["GET"]}}],"collection":[{"href":"https:\/\/ucentral.org\/informativo\/index.php\/wp-json\/wp\/v2\/posts"}],"about":[{"href":"https:\/\/ucentral.org\/informativo\/index.php\/wp-json\/wp\/v2\/types\/post"}],"author":[{"embeddable":true,"href":"https:\/\/ucentral.org\/informativo\/index.php\/wp-json\/wp\/v2\/users\/2"}],"replies":[{"embeddable":true,"href":"https:\/\/ucentral.org\/informativo\/index.php\/wp-json\/wp\/v2\/comments?post=1396"}],"version-history":[{"count":1,"href":"https:\/\/ucentral.org\/informativo\/index.php\/wp-json\/wp\/v2\/posts\/1396\/revisions"}],"predecessor-version":[{"id":1398,"href":"https:\/\/ucentral.org\/informativo\/index.php\/wp-json\/wp\/v2\/posts\/1396\/revisions\/1398"}],"wp:attachment":[{"href":"https:\/\/ucentral.org\/informativo\/index.php\/wp-json\/wp\/v2\/media?parent=1396"}],"wp:term":[{"taxonomy":"category","embeddable":true,"href":"https:\/\/ucentral.org\/informativo\/index.php\/wp-json\/wp\/v2\/categories?post=1396"},{"taxonomy":"post_tag","embeddable":true,"href":"https:\/\/ucentral.org\/informativo\/index.php\/wp-json\/wp\/v2\/tags?post=1396"}],"curies":[{"name":"wp","href":"https:\/\/api.w.org\/{rel}","templated":true}]}}