{"id":1416,"date":"2024-09-19T07:48:01","date_gmt":"2024-09-19T12:48:01","guid":{"rendered":"https:\/\/ucentral.org\/informativo\/?p=1416"},"modified":"2024-09-19T07:48:02","modified_gmt":"2024-09-19T12:48:02","slug":"nueva-impresora-multifuncion-epson-workforce-pro-wf-6590-para-la-facultad-de-ciencias","status":"publish","type":"post","link":"https:\/\/ucentral.org\/informativo\/index.php\/2024\/09\/19\/nueva-impresora-multifuncion-epson-workforce-pro-wf-6590-para-la-facultad-de-ciencias\/","title":{"rendered":"Nueva impresora multifunci\u00f3n Epson WorkForce Pro WF-6590 para la Facultad de Ciencias"},"content":{"rendered":"\n<p>La Facultad de Ciencias se complace en informar la disponibilidad de una nueva impresora multifunci\u00f3n Epson WorkForce Pro WF-6590, la misma que permitir\u00e1 apoyar los procesos acad\u00e9micos y administrativos de la Facultad. <\/p>\n\n\n\n<p>Agradecemos a las autoridades de la Universidad y al departamento de DTICs por su apoyo en la obtenci\u00f3n de este recurso, que sin duda contribuir\u00e1 al desarrollo y optimizaci\u00f3n de nuestras actividades.<\/p>\n","protected":false},"excerpt":{"rendered":"<p>La Facultad de Ciencias se complace en informar la disponibilidad de una nueva impresora multifunci\u00f3n Epson WorkForce Pro WF-6590, la misma que permitir\u00e1 apoyar los procesos acad\u00e9micos y administrativos de la Facultad. Agradecemos a las autoridades de la Universidad y al departamento de DTICs por su apoyo en la obtenci\u00f3n de este recurso, que sin [&hellip;]<\/p>\n","protected":false},"author":2,"featured_media":1417,"comment_status":"closed","ping_status":"closed","sticky":false,"template":"","format":"standard","meta":{"footnotes":""},"categories":[197,6],"tags":[310],"class_list":["post-1416","post","type-post","status-publish","format-standard","has-post-thumbnail","hentry","category-gestion","category-noticias","tag-impresora"],"_links":{"self":[{"href":"https:\/\/ucentral.org\/informativo\/index.php\/wp-json\/wp\/v2\/posts\/1416","targetHints":{"allow":["GET"]}}],"collection":[{"href":"https:\/\/ucentral.org\/informativo\/index.php\/wp-json\/wp\/v2\/posts"}],"about":[{"href":"https:\/\/ucentral.org\/informativo\/index.php\/wp-json\/wp\/v2\/types\/post"}],"author":[{"embeddable":true,"href":"https:\/\/ucentral.org\/informativo\/index.php\/wp-json\/wp\/v2\/users\/2"}],"replies":[{"embeddable":true,"href":"https:\/\/ucentral.org\/informativo\/index.php\/wp-json\/wp\/v2\/comments?post=1416"}],"version-history":[{"count":1,"href":"https:\/\/ucentral.org\/informativo\/index.php\/wp-json\/wp\/v2\/posts\/1416\/revisions"}],"predecessor-version":[{"id":1418,"href":"https:\/\/ucentral.org\/informativo\/index.php\/wp-json\/wp\/v2\/posts\/1416\/revisions\/1418"}],"wp:featuredmedia":[{"embeddable":true,"href":"https:\/\/ucentral.org\/informativo\/index.php\/wp-json\/wp\/v2\/media\/1417"}],"wp:attachment":[{"href":"https:\/\/ucentral.org\/informativo\/index.php\/wp-json\/wp\/v2\/media?parent=1416"}],"wp:term":[{"taxonomy":"category","embeddable":true,"href":"https:\/\/ucentral.org\/informativo\/index.php\/wp-json\/wp\/v2\/categories?post=1416"},{"taxonomy":"post_tag","embeddable":true,"href":"https:\/\/ucentral.org\/informativo\/index.php\/wp-json\/wp\/v2\/tags?post=1416"}],"curies":[{"name":"wp","href":"https:\/\/api.w.org\/{rel}","templated":true}]}}