{"id":1434,"date":"2024-09-24T20:39:02","date_gmt":"2024-09-25T01:39:02","guid":{"rendered":"https:\/\/ucentral.org\/informativo\/?p=1434"},"modified":"2024-09-24T20:39:02","modified_gmt":"2024-09-25T01:39:02","slug":"mat-luis-castillo-participara-en-el-webinar-el-pensamiento-critico-en-la-era-de-la-ia-innovaciones-para-la-educacion-ecuatoriana","status":"publish","type":"post","link":"https:\/\/ucentral.org\/informativo\/index.php\/2024\/09\/24\/mat-luis-castillo-participara-en-el-webinar-el-pensamiento-critico-en-la-era-de-la-ia-innovaciones-para-la-educacion-ecuatoriana\/","title":{"rendered":"Mat. Luis Castillo participar\u00e1 en el webinar: El pensamiento cr\u00edtico en la era de la IA. Innovaciones para la educaci\u00f3n ecuatoriana"},"content":{"rendered":"\n<p>Con\u00e9ctate este 1 de octubre a las 19h<\/p>\n","protected":false},"excerpt":{"rendered":"<p>Con\u00e9ctate este 1 de octubre a las 19h<\/p>\n","protected":false},"author":2,"featured_media":1435,"comment_status":"closed","ping_status":"closed","sticky":false,"template":"","format":"standard","meta":{"footnotes":""},"categories":[34,6,73],"tags":[74],"class_list":["post-1434","post","type-post","status-publish","format-standard","has-post-thumbnail","hentry","category-docentes","category-noticias","category-webinar","tag-webinar"],"_links":{"self":[{"href":"https:\/\/ucentral.org\/informativo\/index.php\/wp-json\/wp\/v2\/posts\/1434","targetHints":{"allow":["GET"]}}],"collection":[{"href":"https:\/\/ucentral.org\/informativo\/index.php\/wp-json\/wp\/v2\/posts"}],"about":[{"href":"https:\/\/ucentral.org\/informativo\/index.php\/wp-json\/wp\/v2\/types\/post"}],"author":[{"embeddable":true,"href":"https:\/\/ucentral.org\/informativo\/index.php\/wp-json\/wp\/v2\/users\/2"}],"replies":[{"embeddable":true,"href":"https:\/\/ucentral.org\/informativo\/index.php\/wp-json\/wp\/v2\/comments?post=1434"}],"version-history":[{"count":1,"href":"https:\/\/ucentral.org\/informativo\/index.php\/wp-json\/wp\/v2\/posts\/1434\/revisions"}],"predecessor-version":[{"id":1436,"href":"https:\/\/ucentral.org\/informativo\/index.php\/wp-json\/wp\/v2\/posts\/1434\/revisions\/1436"}],"wp:featuredmedia":[{"embeddable":true,"href":"https:\/\/ucentral.org\/informativo\/index.php\/wp-json\/wp\/v2\/media\/1435"}],"wp:attachment":[{"href":"https:\/\/ucentral.org\/informativo\/index.php\/wp-json\/wp\/v2\/media?parent=1434"}],"wp:term":[{"taxonomy":"category","embeddable":true,"href":"https:\/\/ucentral.org\/informativo\/index.php\/wp-json\/wp\/v2\/categories?post=1434"},{"taxonomy":"post_tag","embeddable":true,"href":"https:\/\/ucentral.org\/informativo\/index.php\/wp-json\/wp\/v2\/tags?post=1434"}],"curies":[{"name":"wp","href":"https:\/\/api.w.org\/{rel}","templated":true}]}}