{"id":1475,"date":"2024-10-24T13:15:22","date_gmt":"2024-10-24T18:15:22","guid":{"rendered":"https:\/\/ucentral.org\/informativo\/?p=1475"},"modified":"2024-10-24T13:15:22","modified_gmt":"2024-10-24T18:15:22","slug":"vi-jornadas-ecuatorianas-de-matematica","status":"publish","type":"post","link":"https:\/\/ucentral.org\/informativo\/index.php\/2024\/10\/24\/vi-jornadas-ecuatorianas-de-matematica\/","title":{"rendered":"VI Jornadas Ecuatorianas de Matem\u00e1tica"},"content":{"rendered":"\n<p>Nos complace invitarles a las &#8220;VI Jornadas Ecuatorianas de Matem\u00e1tica&#8221;, que se llevar\u00e1n a cabo de manera presencial en la Escuela Superior Polit\u00e9cnica de Chimborazo, Ecuador, del 25 al 29 de noviembre de 2024. Este evento contar\u00e1 con una sesi\u00f3n tem\u00e1tica dedicada a Ecuaciones Diferenciales Parciales y An\u00e1lisis Num\u00e9rico. <\/p>\n\n\n\n<p>Este encuentro cient\u00edfico est\u00e1 abierto tanto a la comunidad acad\u00e9mica como a estudiantes de pregrado y posgrado. <\/p>\n\n\n\n<p>Para m\u00e1s informaci\u00f3n, visite <a href=\"https:\/\/6jemat.sedem.org.ec\/index.html\">https:\/\/6jemat.sedem.org.ec\/index.html<\/a>. <\/p>\n\n\n\n<p>Quedamos atentos a sus consultas<\/p>\n\n\n\n<p>Atentamente, <\/p>\n\n\n\n<p><strong>Miguel Yangari &amp; Romel Pineda <br>Docentes de la Facultad de Ciencias<br>Universidad Central del Ecuador<br>Coordinadores de la Sesi\u00f3n de Ecuaciones Diferenciales Parciales y An\u00e1lisis Num\u00e9rico VI Jornadas Ecuatorianas de Matem\u00e1tica<\/strong><\/p>\n","protected":false},"excerpt":{"rendered":"<p>Nos complace invitarles a las &#8220;VI Jornadas Ecuatorianas de Matem\u00e1tica&#8221;, que se llevar\u00e1n a cabo de manera presencial en la Escuela Superior Polit\u00e9cnica de Chimborazo, Ecuador, del 25 al 29 de noviembre de 2024. Este evento contar\u00e1 con una sesi\u00f3n tem\u00e1tica dedicada a Ecuaciones Diferenciales Parciales y An\u00e1lisis Num\u00e9rico. Este encuentro cient\u00edfico est\u00e1 abierto tanto [&hellip;]<\/p>\n","protected":false},"author":2,"featured_media":1476,"comment_status":"closed","ping_status":"closed","sticky":false,"template":"","format":"standard","meta":{"footnotes":""},"categories":[13,164,41,6],"tags":[89,168],"class_list":["post-1475","post","type-post","status-publish","format-standard","has-post-thumbnail","hentry","category-cursos-seminarios","category-eventos","category-investigacion","category-noticias","tag-congreso","tag-matematica-2"],"_links":{"self":[{"href":"https:\/\/ucentral.org\/informativo\/index.php\/wp-json\/wp\/v2\/posts\/1475","targetHints":{"allow":["GET"]}}],"collection":[{"href":"https:\/\/ucentral.org\/informativo\/index.php\/wp-json\/wp\/v2\/posts"}],"about":[{"href":"https:\/\/ucentral.org\/informativo\/index.php\/wp-json\/wp\/v2\/types\/post"}],"author":[{"embeddable":true,"href":"https:\/\/ucentral.org\/informativo\/index.php\/wp-json\/wp\/v2\/users\/2"}],"replies":[{"embeddable":true,"href":"https:\/\/ucentral.org\/informativo\/index.php\/wp-json\/wp\/v2\/comments?post=1475"}],"version-history":[{"count":1,"href":"https:\/\/ucentral.org\/informativo\/index.php\/wp-json\/wp\/v2\/posts\/1475\/revisions"}],"predecessor-version":[{"id":1477,"href":"https:\/\/ucentral.org\/informativo\/index.php\/wp-json\/wp\/v2\/posts\/1475\/revisions\/1477"}],"wp:featuredmedia":[{"embeddable":true,"href":"https:\/\/ucentral.org\/informativo\/index.php\/wp-json\/wp\/v2\/media\/1476"}],"wp:attachment":[{"href":"https:\/\/ucentral.org\/informativo\/index.php\/wp-json\/wp\/v2\/media?parent=1475"}],"wp:term":[{"taxonomy":"category","embeddable":true,"href":"https:\/\/ucentral.org\/informativo\/index.php\/wp-json\/wp\/v2\/categories?post=1475"},{"taxonomy":"post_tag","embeddable":true,"href":"https:\/\/ucentral.org\/informativo\/index.php\/wp-json\/wp\/v2\/tags?post=1475"}],"curies":[{"name":"wp","href":"https:\/\/api.w.org\/{rel}","templated":true}]}}