{"id":1478,"date":"2024-10-24T14:29:17","date_gmt":"2024-10-24T19:29:17","guid":{"rendered":"https:\/\/ucentral.org\/informativo\/?p=1478"},"modified":"2024-10-25T08:05:26","modified_gmt":"2024-10-25T13:05:26","slug":"i-clinica-permanente-de-matematica-y-fisica-2024-2025","status":"publish","type":"post","link":"https:\/\/ucentral.org\/informativo\/index.php\/2024\/10\/24\/i-clinica-permanente-de-matematica-y-fisica-2024-2025\/","title":{"rendered":"I Cl\u00ednica Permanente de Matem\u00e1tica y F\u00edsica (2024-2025)"},"content":{"rendered":"\n<p>Inscr\u00edbete en los cursos y tutor\u00edas de la &#8220;I Cl\u00ednica Permanente de Matem\u00e1tica y F\u00edsica&#8221; para el per\u00edodo 2024-2025, dirigida exclusivamente a los estudiantes de la Universidad Central del Ecuador. <\/p>\n\n\n\n<p>Tanto los cursos como tutor\u00edas son completamente gratuitos para nuestros estudiantes y ofrecen una oportunidad \u00fanica para profundizar en el conocimiento y la pr\u00e1ctica de estas disciplinas fundamentales. No pierdas la oportunidad de participar y fortalecer tus habilidades en matem\u00e1tica y f\u00edsica. <\/p>\n\n\n\n<p class=\"has-text-align-center\">\u00a1Te esperamos!<\/p>\n","protected":false},"excerpt":{"rendered":"<p>Inscr\u00edbete en los cursos y tutor\u00edas de la &#8220;I Cl\u00ednica Permanente de Matem\u00e1tica y F\u00edsica&#8221; para el per\u00edodo 2024-2025, dirigida exclusivamente a los estudiantes de la Universidad Central del Ecuador. Tanto los cursos como tutor\u00edas son completamente gratuitos para nuestros estudiantes y ofrecen una oportunidad \u00fanica para profundizar en el conocimiento y la pr\u00e1ctica de [&hellip;]<\/p>\n","protected":false},"author":2,"featured_media":1481,"comment_status":"closed","ping_status":"closed","sticky":false,"template":"","format":"standard","meta":{"footnotes":""},"categories":[13,191,6,49],"tags":[320,194,168],"class_list":["post-1478","post","type-post","status-publish","format-standard","has-post-thumbnail","hentry","category-cursos-seminarios","category-nivelacion","category-noticias","category-recursos","tag-clinica","tag-fisica-2","tag-matematica-2"],"_links":{"self":[{"href":"https:\/\/ucentral.org\/informativo\/index.php\/wp-json\/wp\/v2\/posts\/1478","targetHints":{"allow":["GET"]}}],"collection":[{"href":"https:\/\/ucentral.org\/informativo\/index.php\/wp-json\/wp\/v2\/posts"}],"about":[{"href":"https:\/\/ucentral.org\/informativo\/index.php\/wp-json\/wp\/v2\/types\/post"}],"author":[{"embeddable":true,"href":"https:\/\/ucentral.org\/informativo\/index.php\/wp-json\/wp\/v2\/users\/2"}],"replies":[{"embeddable":true,"href":"https:\/\/ucentral.org\/informativo\/index.php\/wp-json\/wp\/v2\/comments?post=1478"}],"version-history":[{"count":1,"href":"https:\/\/ucentral.org\/informativo\/index.php\/wp-json\/wp\/v2\/posts\/1478\/revisions"}],"predecessor-version":[{"id":1480,"href":"https:\/\/ucentral.org\/informativo\/index.php\/wp-json\/wp\/v2\/posts\/1478\/revisions\/1480"}],"wp:featuredmedia":[{"embeddable":true,"href":"https:\/\/ucentral.org\/informativo\/index.php\/wp-json\/wp\/v2\/media\/1481"}],"wp:attachment":[{"href":"https:\/\/ucentral.org\/informativo\/index.php\/wp-json\/wp\/v2\/media?parent=1478"}],"wp:term":[{"taxonomy":"category","embeddable":true,"href":"https:\/\/ucentral.org\/informativo\/index.php\/wp-json\/wp\/v2\/categories?post=1478"},{"taxonomy":"post_tag","embeddable":true,"href":"https:\/\/ucentral.org\/informativo\/index.php\/wp-json\/wp\/v2\/tags?post=1478"}],"curies":[{"name":"wp","href":"https:\/\/api.w.org\/{rel}","templated":true}]}}