{"id":1495,"date":"2024-11-05T09:58:39","date_gmt":"2024-11-05T14:58:39","guid":{"rendered":"https:\/\/ucentral.org\/informativo\/?p=1495"},"modified":"2024-11-15T09:38:50","modified_gmt":"2024-11-15T14:38:50","slug":"convocatoria-a-ponentes-i-congreso-internacional-ciencia-central","status":"publish","type":"post","link":"https:\/\/ucentral.org\/informativo\/index.php\/2024\/11\/05\/convocatoria-a-ponentes-i-congreso-internacional-ciencia-central\/","title":{"rendered":"Convocatoria a Ponentes: I Congreso Internacional Ciencia Central"},"content":{"rendered":"\n<p class=\"has-text-align-center has-vivid-cyan-blue-color has-text-color has-link-color has-large-font-size wp-elements-744d6ff7c5d68d0fdc489337d44dc795\"><strong>La Universidad Central del Ecuador<\/strong><br><strong>Ciencia Central<\/strong><br><strong>convocan a ponentes<\/strong><\/p>\n\n\n\n<p>Invitamos a todos los investigadores, acad\u00e9micos, estudiantes y profesionales nacionales y extranjeros a enviar sus ponencias para compartir sus hallazgos y contribuir al enriquecimiento del conocimiento cient\u00edfico. Su participaci\u00f3n es fundamental para el \u00e9xito de este evento.<\/p>\n\n\n\n<p><strong>Objetivos:<\/strong><\/p>\n\n\n\n<ul class=\"wp-block-list\">\n<li>Fomentar la colaboraci\u00f3n interdisciplinaria<\/li>\n\n\n\n<li>Difundir avances cient\u00edficos y tecnol\u00f3gicos<\/li>\n\n\n\n<li>Promover la transferencia de tecnolog\u00eda<\/li>\n\n\n\n<li>Fortalecer la formaci\u00f3n acad\u00e9mica y profesional<\/li>\n\n\n\n<li>Estimular la participaci\u00f3n de j\u00f3venes investigadores<\/li>\n<\/ul>\n\n\n\n<p><strong>\u00c1reas del conocimiento:<\/strong><\/p>\n\n\n\n<ul class=\"wp-block-list\">\n<li>Ciencias de la Salud<\/li>\n\n\n\n<li>Ciencias Formales y Naturales<\/li>\n\n\n\n<li>Ciencias Sociales<\/li>\n<\/ul>\n\n\n\n<p><strong>Fechas importantes<\/strong><\/p>\n\n\n\n<ul class=\"wp-block-list\">\n<li><strong>Desarrollo del Congreso:<\/strong> 23, 24 y 25 de abril de 2025<\/li>\n\n\n\n<li><strong>Fecha l\u00edmite para env\u00edo de las propuestas de ponencias:<\/strong> 30 de noviembre de 2024<\/li>\n\n\n\n<li><strong>Fecha l\u00edmite para notificaci\u00f3n de aceptaci\u00f3n de propuestas:<\/strong> 16 de diciembre de 2024<\/li>\n\n\n\n<li><strong>Fecha l\u00edmite para env\u00edo de los res\u00famenes de ponencias:<\/strong> 31 de enero de 2025<\/li>\n\n\n\n<li><strong>Fecha l\u00edmite para notificaci\u00f3n de aceptaci\u00f3n de res\u00famenes:<\/strong> 28 de febrero de 2025<\/li>\n\n\n\n<li><strong>Fecha l\u00edmite para notificaci\u00f3n de tipo de participaci\u00f3n y programaci\u00f3n en el evento:<\/strong> 7 de marzo de 2025<\/li>\n<\/ul>\n\n\n\n<p><strong><br>Forma de env\u00edo<\/strong><\/p>\n\n\n\n<p><strong>Enviar un correo electr\u00f3nico a: <\/strong><a href=\"mailto:cienciacentral@ucentral.org\">cienciacentral@ucentral.org<\/a> \/ <a href=\"mailto:gicc@uce.edu.ec\" target=\"_blank\" rel=\"noreferrer noopener\">gicc@uce.edu.ec<\/a><\/p>\n\n\n\n<p>Indicando su inter\u00e9s para participar en calidad de ponente, adjuntando un archivo PDF (letra Arial de tama\u00f1o 12) con la siguiente informaci\u00f3n:<\/p>\n\n\n\n<ul class=\"wp-block-list\">\n<li>Nombres<\/li>\n\n\n\n<li>Apellidos<\/li>\n\n\n\n<li>Instituci\u00f3n de filiaci\u00f3n, ciudad, pa\u00eds<\/li>\n\n\n\n<li>T\u00edtulo de la ponencia<\/li>\n\n\n\n<li>Resumen breve de 200 a 500 palabras<\/li>\n<\/ul>\n\n\n\n<p><strong>Contactos<\/strong><\/p>\n\n\n\n<ul class=\"wp-block-list\">\n<li><strong>Email: <\/strong><a href=\"mailto:cienciacentral@ucentral.org\">cienciacentral@ucentral.org<\/a> \/ <a href=\"mailto:gicc@uce.edu.ec\" target=\"_blank\" rel=\"noreferrer noopener\">gicc@uce.edu.ec<\/a><\/li>\n\n\n\n<li><strong>Oficina:<\/strong> Ciencia Central, Edf. Facultad de Ciencias, Campus Universitario, Quito, Ecuador. Tel\u00e9fono: (+593.2) 25 23 408<\/li>\n\n\n\n<li><strong>WhatsApp<\/strong> <em>(solo mensajes)<strong>:<\/strong><\/em> (+593) 99 808 8947<\/li>\n<\/ul>\n\n\n\n<p class=\"has-text-align-center\"><em>Cordialmente,<\/em><\/p>\n\n\n\n<p class=\"has-text-align-center has-vivid-cyan-blue-color has-text-color has-link-color has-large-font-size wp-elements-e193856f1acd10363f0ddeba2865ac7f\"><em><strong>Comit\u00e9 Organizador I Congreso Internacional Ciencia Central<\/strong><\/em><\/p>\n\n\n\n<figure class=\"wp-block-image size-large\"><img loading=\"lazy\" decoding=\"async\" width=\"1024\" height=\"404\" src=\"https:\/\/ucentral.org\/informativo\/wp-content\/uploads\/2024\/11\/1erCongresoCientificoLargoRojo-1024x404.png\" alt=\"\" class=\"wp-image-1527\" srcset=\"https:\/\/ucentral.org\/informativo\/wp-content\/uploads\/2024\/11\/1erCongresoCientificoLargoRojo-1024x404.png 1024w, https:\/\/ucentral.org\/informativo\/wp-content\/uploads\/2024\/11\/1erCongresoCientificoLargoRojo-300x118.png 300w, https:\/\/ucentral.org\/informativo\/wp-content\/uploads\/2024\/11\/1erCongresoCientificoLargoRojo-768x303.png 768w, https:\/\/ucentral.org\/informativo\/wp-content\/uploads\/2024\/11\/1erCongresoCientificoLargoRojo-1536x605.png 1536w, https:\/\/ucentral.org\/informativo\/wp-content\/uploads\/2024\/11\/1erCongresoCientificoLargoRojo-2048x807.png 2048w\" sizes=\"auto, (max-width: 1024px) 100vw, 1024px\" \/><\/figure>\n","protected":false},"excerpt":{"rendered":"<p>La Universidad Central del EcuadorCiencia Centralconvocan a ponentes Invitamos a todos los investigadores, acad\u00e9micos, estudiantes y profesionales nacionales y extranjeros a enviar sus ponencias para compartir sus hallazgos y contribuir al enriquecimiento del conocimiento cient\u00edfico. Su participaci\u00f3n es fundamental para el \u00e9xito de este evento. Objetivos: \u00c1reas del conocimiento: Fechas importantes Forma de env\u00edo Enviar [&hellip;]<\/p>\n","protected":false},"author":2,"featured_media":1498,"comment_status":"closed","ping_status":"closed","sticky":false,"template":"","format":"standard","meta":{"footnotes":""},"categories":[112,213,164,41,6,73],"tags":[161,89],"class_list":["post-1495","post","type-post","status-publish","format-standard","has-post-thumbnail","hentry","category-ciencia-central","category-convocatoria","category-eventos","category-investigacion","category-noticias","category-webinar","tag-ciencia-central","tag-congreso"],"_links":{"self":[{"href":"https:\/\/ucentral.org\/informativo\/index.php\/wp-json\/wp\/v2\/posts\/1495","targetHints":{"allow":["GET"]}}],"collection":[{"href":"https:\/\/ucentral.org\/informativo\/index.php\/wp-json\/wp\/v2\/posts"}],"about":[{"href":"https:\/\/ucentral.org\/informativo\/index.php\/wp-json\/wp\/v2\/types\/post"}],"author":[{"embeddable":true,"href":"https:\/\/ucentral.org\/informativo\/index.php\/wp-json\/wp\/v2\/users\/2"}],"replies":[{"embeddable":true,"href":"https:\/\/ucentral.org\/informativo\/index.php\/wp-json\/wp\/v2\/comments?post=1495"}],"version-history":[{"count":6,"href":"https:\/\/ucentral.org\/informativo\/index.php\/wp-json\/wp\/v2\/posts\/1495\/revisions"}],"predecessor-version":[{"id":1533,"href":"https:\/\/ucentral.org\/informativo\/index.php\/wp-json\/wp\/v2\/posts\/1495\/revisions\/1533"}],"wp:featuredmedia":[{"embeddable":true,"href":"https:\/\/ucentral.org\/informativo\/index.php\/wp-json\/wp\/v2\/media\/1498"}],"wp:attachment":[{"href":"https:\/\/ucentral.org\/informativo\/index.php\/wp-json\/wp\/v2\/media?parent=1495"}],"wp:term":[{"taxonomy":"category","embeddable":true,"href":"https:\/\/ucentral.org\/informativo\/index.php\/wp-json\/wp\/v2\/categories?post=1495"},{"taxonomy":"post_tag","embeddable":true,"href":"https:\/\/ucentral.org\/informativo\/index.php\/wp-json\/wp\/v2\/tags?post=1495"}],"curies":[{"name":"wp","href":"https:\/\/api.w.org\/{rel}","templated":true}]}}