{"id":1539,"date":"2024-11-19T08:28:29","date_gmt":"2024-11-19T13:28:29","guid":{"rendered":"https:\/\/ucentral.org\/informativo\/?p=1539"},"modified":"2024-11-19T08:28:30","modified_gmt":"2024-11-19T13:28:30","slug":"acuerdo-de-colaboracion-entre-la-facultad-de-ciencias-y-la-facultad-de-arquitectura-y-urbanismo","status":"publish","type":"post","link":"https:\/\/ucentral.org\/informativo\/index.php\/2024\/11\/19\/acuerdo-de-colaboracion-entre-la-facultad-de-ciencias-y-la-facultad-de-arquitectura-y-urbanismo\/","title":{"rendered":"Acuerdo de colaboraci\u00f3n entre la Facultad de Ciencias y la Facultad de Arquitectura y Urbanismo"},"content":{"rendered":"\n<p>La Facultad de Ciencias y la Facultad de Arquitectura y Urbanismo, firman un acuerdo de cooperaci\u00f3n con el objetivo de fomentar procesos acad\u00e9micos y cient\u00edficos interdisciplinarios. A trav\u00e9s de esta colaboraci\u00f3n, se promover\u00e1 el intercambio de conocimientos y la formaci\u00f3n de estudiantes en un entorno multidisciplinario.<\/p>\n\n\n\n<figure class=\"wp-block-image size-large\"><img loading=\"lazy\" decoding=\"async\" width=\"1024\" height=\"544\" src=\"https:\/\/ucentral.org\/informativo\/wp-content\/uploads\/2024\/11\/fau01-1024x544.jpg\" alt=\"\" class=\"wp-image-1541\" srcset=\"https:\/\/ucentral.org\/informativo\/wp-content\/uploads\/2024\/11\/fau01-1024x544.jpg 1024w, https:\/\/ucentral.org\/informativo\/wp-content\/uploads\/2024\/11\/fau01-300x159.jpg 300w, https:\/\/ucentral.org\/informativo\/wp-content\/uploads\/2024\/11\/fau01-768x408.jpg 768w, https:\/\/ucentral.org\/informativo\/wp-content\/uploads\/2024\/11\/fau01.jpg 1096w\" sizes=\"auto, (max-width: 1024px) 100vw, 1024px\" \/><\/figure>\n","protected":false},"excerpt":{"rendered":"<p>La Facultad de Ciencias y la Facultad de Arquitectura y Urbanismo, firman un acuerdo de cooperaci\u00f3n con el objetivo de fomentar procesos acad\u00e9micos y cient\u00edficos interdisciplinarios. A trav\u00e9s de esta colaboraci\u00f3n, se promover\u00e1 el intercambio de conocimientos y la formaci\u00f3n de estudiantes en un entorno multidisciplinario.<\/p>\n","protected":false},"author":2,"featured_media":1542,"comment_status":"closed","ping_status":"closed","sticky":false,"template":"","format":"standard","meta":{"footnotes":""},"categories":[181,197,6,296],"tags":[324,246],"class_list":["post-1539","post","type-post","status-publish","format-standard","has-post-thumbnail","hentry","category-convenios","category-gestion","category-noticias","category-practicas-preprofesionales","tag-fau","tag-fc"],"_links":{"self":[{"href":"https:\/\/ucentral.org\/informativo\/index.php\/wp-json\/wp\/v2\/posts\/1539","targetHints":{"allow":["GET"]}}],"collection":[{"href":"https:\/\/ucentral.org\/informativo\/index.php\/wp-json\/wp\/v2\/posts"}],"about":[{"href":"https:\/\/ucentral.org\/informativo\/index.php\/wp-json\/wp\/v2\/types\/post"}],"author":[{"embeddable":true,"href":"https:\/\/ucentral.org\/informativo\/index.php\/wp-json\/wp\/v2\/users\/2"}],"replies":[{"embeddable":true,"href":"https:\/\/ucentral.org\/informativo\/index.php\/wp-json\/wp\/v2\/comments?post=1539"}],"version-history":[{"count":2,"href":"https:\/\/ucentral.org\/informativo\/index.php\/wp-json\/wp\/v2\/posts\/1539\/revisions"}],"predecessor-version":[{"id":1543,"href":"https:\/\/ucentral.org\/informativo\/index.php\/wp-json\/wp\/v2\/posts\/1539\/revisions\/1543"}],"wp:featuredmedia":[{"embeddable":true,"href":"https:\/\/ucentral.org\/informativo\/index.php\/wp-json\/wp\/v2\/media\/1542"}],"wp:attachment":[{"href":"https:\/\/ucentral.org\/informativo\/index.php\/wp-json\/wp\/v2\/media?parent=1539"}],"wp:term":[{"taxonomy":"category","embeddable":true,"href":"https:\/\/ucentral.org\/informativo\/index.php\/wp-json\/wp\/v2\/categories?post=1539"},{"taxonomy":"post_tag","embeddable":true,"href":"https:\/\/ucentral.org\/informativo\/index.php\/wp-json\/wp\/v2\/tags?post=1539"}],"curies":[{"name":"wp","href":"https:\/\/api.w.org\/{rel}","templated":true}]}}