{"id":1579,"date":"2024-12-01T12:23:48","date_gmt":"2024-12-01T17:23:48","guid":{"rendered":"https:\/\/ucentral.org\/informativo\/?p=1579"},"modified":"2024-12-01T12:23:48","modified_gmt":"2024-12-01T17:23:48","slug":"acuerdo-de-cooperacion-academica-y-cientifica-entre-la-facultad-de-ciencias-y-la-facultad-de-odontologia-de-la-universidad-central-del-ecuador","status":"publish","type":"post","link":"https:\/\/ucentral.org\/informativo\/index.php\/2024\/12\/01\/acuerdo-de-cooperacion-academica-y-cientifica-entre-la-facultad-de-ciencias-y-la-facultad-de-odontologia-de-la-universidad-central-del-ecuador\/","title":{"rendered":"Acuerdo de cooperaci\u00f3n acad\u00e9mica y cient\u00edfica entre la Facultad de Ciencias y la Facultad de Odontolog\u00eda de la Universidad Central del Ecuador"},"content":{"rendered":"\n<p>Anunciamos la firma del acuerdo de cooperaci\u00f3n acad\u00e9mica y cient\u00edfica entre la <strong>Facultad de Ciencias<\/strong> y la <strong>Facultad de Odontolog\u00eda<\/strong> de la <strong>Universidad Central del Ecuador<\/strong>. Este convenio permitir\u00e1 una colaboraci\u00f3n \u00e1gil que busca fortalecer la investigaci\u00f3n y la formaci\u00f3n acad\u00e9mica. <\/p>\n\n\n\n<p>Una de las primeras acciones conjuntas se llevar\u00e1 a cabo el 14 de este mes, enfocada en la capacitaci\u00f3n de los docentes investigadores de la Facultad de Odontolog\u00eda en Estad\u00edstica. <\/p>\n\n\n\n<p>Esta iniciativa no solo enriquecer\u00e1 el conocimiento y las habilidades de los docentes, sino que tambi\u00e9n sentar\u00e1 las bases para futuros proyectos interdisciplinarios de investigaci\u00f3n.<\/p>\n\n\n\n<figure class=\"wp-block-gallery has-nested-images columns-default is-cropped wp-block-gallery-1 is-layout-flex wp-block-gallery-is-layout-flex\">\n<figure class=\"wp-block-image size-large\"><img loading=\"lazy\" decoding=\"async\" width=\"775\" height=\"455\" data-id=\"1580\" src=\"https:\/\/ucentral.org\/informativo\/wp-content\/uploads\/2024\/12\/Imagen-de-WhatsApp-2024-12-01-a-las-11.19.00_e073b27d.jpg\" alt=\"\" class=\"wp-image-1580\" srcset=\"https:\/\/ucentral.org\/informativo\/wp-content\/uploads\/2024\/12\/Imagen-de-WhatsApp-2024-12-01-a-las-11.19.00_e073b27d.jpg 775w, https:\/\/ucentral.org\/informativo\/wp-content\/uploads\/2024\/12\/Imagen-de-WhatsApp-2024-12-01-a-las-11.19.00_e073b27d-300x176.jpg 300w, https:\/\/ucentral.org\/informativo\/wp-content\/uploads\/2024\/12\/Imagen-de-WhatsApp-2024-12-01-a-las-11.19.00_e073b27d-768x451.jpg 768w\" sizes=\"auto, (max-width: 775px) 100vw, 775px\" \/><\/figure>\n\n\n\n<figure class=\"wp-block-image size-large\"><img loading=\"lazy\" decoding=\"async\" width=\"1024\" height=\"768\" data-id=\"1581\" src=\"https:\/\/ucentral.org\/informativo\/wp-content\/uploads\/2024\/12\/Imagen-de-WhatsApp-2024-12-01-a-las-11.18.59_1d4c69d3-1024x768.jpg\" alt=\"\" class=\"wp-image-1581\" srcset=\"https:\/\/ucentral.org\/informativo\/wp-content\/uploads\/2024\/12\/Imagen-de-WhatsApp-2024-12-01-a-las-11.18.59_1d4c69d3-1024x768.jpg 1024w, https:\/\/ucentral.org\/informativo\/wp-content\/uploads\/2024\/12\/Imagen-de-WhatsApp-2024-12-01-a-las-11.18.59_1d4c69d3-300x225.jpg 300w, https:\/\/ucentral.org\/informativo\/wp-content\/uploads\/2024\/12\/Imagen-de-WhatsApp-2024-12-01-a-las-11.18.59_1d4c69d3-768x576.jpg 768w, https:\/\/ucentral.org\/informativo\/wp-content\/uploads\/2024\/12\/Imagen-de-WhatsApp-2024-12-01-a-las-11.18.59_1d4c69d3-136x102.jpg 136w, https:\/\/ucentral.org\/informativo\/wp-content\/uploads\/2024\/12\/Imagen-de-WhatsApp-2024-12-01-a-las-11.18.59_1d4c69d3.jpg 1280w\" sizes=\"auto, (max-width: 1024px) 100vw, 1024px\" \/><\/figure>\n\n\n\n<figure class=\"wp-block-image size-large\"><img loading=\"lazy\" decoding=\"async\" width=\"1024\" height=\"768\" data-id=\"1584\" src=\"https:\/\/ucentral.org\/informativo\/wp-content\/uploads\/2024\/12\/Imagen-de-WhatsApp-2024-12-01-a-las-11.18.59_6caf368b-1024x768.jpg\" alt=\"\" class=\"wp-image-1584\" srcset=\"https:\/\/ucentral.org\/informativo\/wp-content\/uploads\/2024\/12\/Imagen-de-WhatsApp-2024-12-01-a-las-11.18.59_6caf368b-1024x768.jpg 1024w, https:\/\/ucentral.org\/informativo\/wp-content\/uploads\/2024\/12\/Imagen-de-WhatsApp-2024-12-01-a-las-11.18.59_6caf368b-300x225.jpg 300w, https:\/\/ucentral.org\/informativo\/wp-content\/uploads\/2024\/12\/Imagen-de-WhatsApp-2024-12-01-a-las-11.18.59_6caf368b-768x576.jpg 768w, https:\/\/ucentral.org\/informativo\/wp-content\/uploads\/2024\/12\/Imagen-de-WhatsApp-2024-12-01-a-las-11.18.59_6caf368b-136x102.jpg 136w, https:\/\/ucentral.org\/informativo\/wp-content\/uploads\/2024\/12\/Imagen-de-WhatsApp-2024-12-01-a-las-11.18.59_6caf368b.jpg 1280w\" sizes=\"auto, (max-width: 1024px) 100vw, 1024px\" \/><\/figure>\n\n\n\n<figure class=\"wp-block-image size-large\"><img loading=\"lazy\" decoding=\"async\" width=\"1024\" height=\"590\" data-id=\"1583\" src=\"https:\/\/ucentral.org\/informativo\/wp-content\/uploads\/2024\/12\/Imagen-de-WhatsApp-2024-12-01-a-las-11.18.59_8e82bd13-1024x590.jpg\" alt=\"\" class=\"wp-image-1583\" srcset=\"https:\/\/ucentral.org\/informativo\/wp-content\/uploads\/2024\/12\/Imagen-de-WhatsApp-2024-12-01-a-las-11.18.59_8e82bd13-1024x590.jpg 1024w, https:\/\/ucentral.org\/informativo\/wp-content\/uploads\/2024\/12\/Imagen-de-WhatsApp-2024-12-01-a-las-11.18.59_8e82bd13-300x173.jpg 300w, https:\/\/ucentral.org\/informativo\/wp-content\/uploads\/2024\/12\/Imagen-de-WhatsApp-2024-12-01-a-las-11.18.59_8e82bd13-768x442.jpg 768w, https:\/\/ucentral.org\/informativo\/wp-content\/uploads\/2024\/12\/Imagen-de-WhatsApp-2024-12-01-a-las-11.18.59_8e82bd13.jpg 1280w\" sizes=\"auto, (max-width: 1024px) 100vw, 1024px\" \/><\/figure>\n\n\n\n<figure class=\"wp-block-image size-large\"><img loading=\"lazy\" decoding=\"async\" width=\"1024\" height=\"768\" data-id=\"1582\" src=\"https:\/\/ucentral.org\/informativo\/wp-content\/uploads\/2024\/12\/Imagen-de-WhatsApp-2024-12-01-a-las-11.18.59_bb04c144-1024x768.jpg\" alt=\"\" class=\"wp-image-1582\" srcset=\"https:\/\/ucentral.org\/informativo\/wp-content\/uploads\/2024\/12\/Imagen-de-WhatsApp-2024-12-01-a-las-11.18.59_bb04c144-1024x768.jpg 1024w, https:\/\/ucentral.org\/informativo\/wp-content\/uploads\/2024\/12\/Imagen-de-WhatsApp-2024-12-01-a-las-11.18.59_bb04c144-300x225.jpg 300w, https:\/\/ucentral.org\/informativo\/wp-content\/uploads\/2024\/12\/Imagen-de-WhatsApp-2024-12-01-a-las-11.18.59_bb04c144-768x576.jpg 768w, https:\/\/ucentral.org\/informativo\/wp-content\/uploads\/2024\/12\/Imagen-de-WhatsApp-2024-12-01-a-las-11.18.59_bb04c144-136x102.jpg 136w, https:\/\/ucentral.org\/informativo\/wp-content\/uploads\/2024\/12\/Imagen-de-WhatsApp-2024-12-01-a-las-11.18.59_bb04c144.jpg 1280w\" sizes=\"auto, (max-width: 1024px) 100vw, 1024px\" \/><\/figure>\n\n\n\n<figure class=\"wp-block-image size-large\"><img loading=\"lazy\" decoding=\"async\" width=\"1024\" height=\"768\" data-id=\"1586\" src=\"https:\/\/ucentral.org\/informativo\/wp-content\/uploads\/2024\/12\/Imagen-de-WhatsApp-2024-12-01-a-las-11.19.00_74b97f4d-1024x768.jpg\" alt=\"\" class=\"wp-image-1586\" srcset=\"https:\/\/ucentral.org\/informativo\/wp-content\/uploads\/2024\/12\/Imagen-de-WhatsApp-2024-12-01-a-las-11.19.00_74b97f4d-1024x768.jpg 1024w, https:\/\/ucentral.org\/informativo\/wp-content\/uploads\/2024\/12\/Imagen-de-WhatsApp-2024-12-01-a-las-11.19.00_74b97f4d-300x225.jpg 300w, https:\/\/ucentral.org\/informativo\/wp-content\/uploads\/2024\/12\/Imagen-de-WhatsApp-2024-12-01-a-las-11.19.00_74b97f4d-768x576.jpg 768w, https:\/\/ucentral.org\/informativo\/wp-content\/uploads\/2024\/12\/Imagen-de-WhatsApp-2024-12-01-a-las-11.19.00_74b97f4d-136x102.jpg 136w, https:\/\/ucentral.org\/informativo\/wp-content\/uploads\/2024\/12\/Imagen-de-WhatsApp-2024-12-01-a-las-11.19.00_74b97f4d.jpg 1280w\" sizes=\"auto, (max-width: 1024px) 100vw, 1024px\" \/><\/figure>\n\n\n\n<figure class=\"wp-block-image size-large\"><img loading=\"lazy\" decoding=\"async\" width=\"1024\" height=\"704\" data-id=\"1585\" src=\"https:\/\/ucentral.org\/informativo\/wp-content\/uploads\/2024\/12\/Imagen-de-WhatsApp-2024-12-01-a-las-11.19.00_d55433d1-1024x704.jpg\" alt=\"\" class=\"wp-image-1585\" srcset=\"https:\/\/ucentral.org\/informativo\/wp-content\/uploads\/2024\/12\/Imagen-de-WhatsApp-2024-12-01-a-las-11.19.00_d55433d1-1024x704.jpg 1024w, https:\/\/ucentral.org\/informativo\/wp-content\/uploads\/2024\/12\/Imagen-de-WhatsApp-2024-12-01-a-las-11.19.00_d55433d1-300x206.jpg 300w, https:\/\/ucentral.org\/informativo\/wp-content\/uploads\/2024\/12\/Imagen-de-WhatsApp-2024-12-01-a-las-11.19.00_d55433d1-768x528.jpg 768w, https:\/\/ucentral.org\/informativo\/wp-content\/uploads\/2024\/12\/Imagen-de-WhatsApp-2024-12-01-a-las-11.19.00_d55433d1.jpg 1280w\" sizes=\"auto, (max-width: 1024px) 100vw, 1024px\" \/><\/figure>\n<\/figure>\n","protected":false},"excerpt":{"rendered":"<p>Anunciamos la firma del acuerdo de cooperaci\u00f3n acad\u00e9mica y cient\u00edfica entre la Facultad de Ciencias y la Facultad de Odontolog\u00eda de la Universidad Central del Ecuador. Este convenio permitir\u00e1 una colaboraci\u00f3n \u00e1gil que busca fortalecer la investigaci\u00f3n y la formaci\u00f3n acad\u00e9mica. Una de las primeras acciones conjuntas se llevar\u00e1 a cabo el 14 de este [&hellip;]<\/p>\n","protected":false},"author":2,"featured_media":1587,"comment_status":"closed","ping_status":"closed","sticky":false,"template":"","format":"standard","meta":{"footnotes":""},"categories":[181,6],"tags":[325,149,252],"class_list":["post-1579","post","type-post","status-publish","format-standard","has-post-thumbnail","hentry","category-convenios","category-noticias","tag-acuerdo","tag-facultad-de-ciencias","tag-facultad-de-odontologia"],"_links":{"self":[{"href":"https:\/\/ucentral.org\/informativo\/index.php\/wp-json\/wp\/v2\/posts\/1579","targetHints":{"allow":["GET"]}}],"collection":[{"href":"https:\/\/ucentral.org\/informativo\/index.php\/wp-json\/wp\/v2\/posts"}],"about":[{"href":"https:\/\/ucentral.org\/informativo\/index.php\/wp-json\/wp\/v2\/types\/post"}],"author":[{"embeddable":true,"href":"https:\/\/ucentral.org\/informativo\/index.php\/wp-json\/wp\/v2\/users\/2"}],"replies":[{"embeddable":true,"href":"https:\/\/ucentral.org\/informativo\/index.php\/wp-json\/wp\/v2\/comments?post=1579"}],"version-history":[{"count":1,"href":"https:\/\/ucentral.org\/informativo\/index.php\/wp-json\/wp\/v2\/posts\/1579\/revisions"}],"predecessor-version":[{"id":1588,"href":"https:\/\/ucentral.org\/informativo\/index.php\/wp-json\/wp\/v2\/posts\/1579\/revisions\/1588"}],"wp:featuredmedia":[{"embeddable":true,"href":"https:\/\/ucentral.org\/informativo\/index.php\/wp-json\/wp\/v2\/media\/1587"}],"wp:attachment":[{"href":"https:\/\/ucentral.org\/informativo\/index.php\/wp-json\/wp\/v2\/media?parent=1579"}],"wp:term":[{"taxonomy":"category","embeddable":true,"href":"https:\/\/ucentral.org\/informativo\/index.php\/wp-json\/wp\/v2\/categories?post=1579"},{"taxonomy":"post_tag","embeddable":true,"href":"https:\/\/ucentral.org\/informativo\/index.php\/wp-json\/wp\/v2\/tags?post=1579"}],"curies":[{"name":"wp","href":"https:\/\/api.w.org\/{rel}","templated":true}]}}