{"id":1589,"date":"2024-12-02T10:29:41","date_gmt":"2024-12-02T15:29:41","guid":{"rendered":"https:\/\/ucentral.org\/informativo\/?p=1589"},"modified":"2024-12-02T10:36:44","modified_gmt":"2024-12-02T15:36:44","slug":"convenio-de-cooperacion-entre-grupo-nova-y-la-facultad-de-ciencias-de-la-universidad-central-del-ecuador","status":"publish","type":"post","link":"https:\/\/ucentral.org\/informativo\/index.php\/2024\/12\/02\/convenio-de-cooperacion-entre-grupo-nova-y-la-facultad-de-ciencias-de-la-universidad-central-del-ecuador\/","title":{"rendered":"Convenio de cooperaci\u00f3n entre Grupo NOVA y la Facultad de Ciencias de la Universidad Central del Ecuador"},"content":{"rendered":"\n<p>La firma del convenio de cooperaci\u00f3n entre Grupo NOVA y la Facultad de Ciencias de la Universidad Central del Ecuador abre grandes posibilidades de trabajo conjunto en beneficio de ambas instituciones, pero sobre todo del sector agr\u00edcola de nuestro pa\u00eds. Este acuerdo tiene como objetivo contribuir al desarrollo sostenible de la sociedad mediante la generaci\u00f3n, aplicaci\u00f3n y transferencia de conocimientos cient\u00edficos y tecnol\u00f3gicos de vanguardia.<\/p>\n\n\n\n<p>Entre los puntos destacados del convenio se encuentran el fomento de la investigaci\u00f3n cient\u00edfica y tecnol\u00f3gica con un enfoque en el desarrollo sostenible, la promoci\u00f3n del trabajo interdisciplinario y la vinculaci\u00f3n con el sector productivo, el sector p\u00fablico y la sociedad. <\/p>\n\n\n\n<p>Este convenio marcar\u00e1 un hito importante y ser\u00e1 un ejemplo de colaboraci\u00f3n entre el sector acad\u00e9mico y el sector productivo, abriendo nuevas oportunidades para el desarrollo y la innovaci\u00f3n en el pa\u00eds.<\/p>\n\n\n\n<figure class=\"wp-block-gallery has-nested-images columns-default is-cropped wp-block-gallery-1 is-layout-flex wp-block-gallery-is-layout-flex\">\n<figure class=\"wp-block-image size-large\"><img loading=\"lazy\" decoding=\"async\" width=\"1024\" height=\"460\" data-id=\"1591\" src=\"https:\/\/ucentral.org\/informativo\/wp-content\/uploads\/2024\/12\/nova02-1024x460.jpg\" alt=\"\" class=\"wp-image-1591\" srcset=\"https:\/\/ucentral.org\/informativo\/wp-content\/uploads\/2024\/12\/nova02-1024x460.jpg 1024w, https:\/\/ucentral.org\/informativo\/wp-content\/uploads\/2024\/12\/nova02-300x135.jpg 300w, https:\/\/ucentral.org\/informativo\/wp-content\/uploads\/2024\/12\/nova02-768x345.jpg 768w, https:\/\/ucentral.org\/informativo\/wp-content\/uploads\/2024\/12\/nova02-1536x690.jpg 1536w, https:\/\/ucentral.org\/informativo\/wp-content\/uploads\/2024\/12\/nova02.jpg 1600w\" sizes=\"auto, (max-width: 1024px) 100vw, 1024px\" \/><\/figure>\n\n\n\n<figure class=\"wp-block-image size-large\"><img loading=\"lazy\" decoding=\"async\" width=\"1024\" height=\"459\" data-id=\"1592\" src=\"https:\/\/ucentral.org\/informativo\/wp-content\/uploads\/2024\/12\/nova03-1024x459.jpg\" alt=\"\" class=\"wp-image-1592\" srcset=\"https:\/\/ucentral.org\/informativo\/wp-content\/uploads\/2024\/12\/nova03-1024x459.jpg 1024w, https:\/\/ucentral.org\/informativo\/wp-content\/uploads\/2024\/12\/nova03-300x135.jpg 300w, https:\/\/ucentral.org\/informativo\/wp-content\/uploads\/2024\/12\/nova03-768x344.jpg 768w, https:\/\/ucentral.org\/informativo\/wp-content\/uploads\/2024\/12\/nova03-1536x689.jpg 1536w, https:\/\/ucentral.org\/informativo\/wp-content\/uploads\/2024\/12\/nova03.jpg 1599w\" sizes=\"auto, (max-width: 1024px) 100vw, 1024px\" \/><\/figure>\n\n\n\n<figure class=\"wp-block-image size-large\"><img loading=\"lazy\" decoding=\"async\" width=\"1024\" height=\"460\" data-id=\"1593\" src=\"https:\/\/ucentral.org\/informativo\/wp-content\/uploads\/2024\/12\/nova04-1024x460.jpg\" alt=\"\" class=\"wp-image-1593\" srcset=\"https:\/\/ucentral.org\/informativo\/wp-content\/uploads\/2024\/12\/nova04-1024x460.jpg 1024w, https:\/\/ucentral.org\/informativo\/wp-content\/uploads\/2024\/12\/nova04-300x135.jpg 300w, https:\/\/ucentral.org\/informativo\/wp-content\/uploads\/2024\/12\/nova04-768x345.jpg 768w, https:\/\/ucentral.org\/informativo\/wp-content\/uploads\/2024\/12\/nova04-1536x690.jpg 1536w, https:\/\/ucentral.org\/informativo\/wp-content\/uploads\/2024\/12\/nova04.jpg 1600w\" sizes=\"auto, (max-width: 1024px) 100vw, 1024px\" \/><\/figure>\n\n\n\n<figure class=\"wp-block-image size-large\"><img loading=\"lazy\" decoding=\"async\" width=\"1024\" height=\"918\" data-id=\"1590\" src=\"https:\/\/ucentral.org\/informativo\/wp-content\/uploads\/2024\/12\/nova01-1024x918.jpg\" alt=\"\" class=\"wp-image-1590\" srcset=\"https:\/\/ucentral.org\/informativo\/wp-content\/uploads\/2024\/12\/nova01-1024x918.jpg 1024w, https:\/\/ucentral.org\/informativo\/wp-content\/uploads\/2024\/12\/nova01-300x269.jpg 300w, https:\/\/ucentral.org\/informativo\/wp-content\/uploads\/2024\/12\/nova01-768x688.jpg 768w, https:\/\/ucentral.org\/informativo\/wp-content\/uploads\/2024\/12\/nova01-1536x1377.jpg 1536w, https:\/\/ucentral.org\/informativo\/wp-content\/uploads\/2024\/12\/nova01.jpg 1600w\" sizes=\"auto, (max-width: 1024px) 100vw, 1024px\" \/><\/figure>\n<\/figure>\n","protected":false},"excerpt":{"rendered":"<p>La firma del convenio de cooperaci\u00f3n entre Grupo NOVA y la Facultad de Ciencias de la Universidad Central del Ecuador abre grandes posibilidades de trabajo conjunto en beneficio de ambas instituciones, pero sobre todo del sector agr\u00edcola de nuestro pa\u00eds. Este acuerdo tiene como objetivo contribuir al desarrollo sostenible de la sociedad mediante la generaci\u00f3n, [&hellip;]<\/p>\n","protected":false},"author":2,"featured_media":1591,"comment_status":"closed","ping_status":"closed","sticky":false,"template":"","format":"standard","meta":{"footnotes":""},"categories":[181,6],"tags":[149,327],"class_list":["post-1589","post","type-post","status-publish","format-standard","has-post-thumbnail","hentry","category-convenios","category-noticias","tag-facultad-de-ciencias","tag-grupo-nova"],"_links":{"self":[{"href":"https:\/\/ucentral.org\/informativo\/index.php\/wp-json\/wp\/v2\/posts\/1589","targetHints":{"allow":["GET"]}}],"collection":[{"href":"https:\/\/ucentral.org\/informativo\/index.php\/wp-json\/wp\/v2\/posts"}],"about":[{"href":"https:\/\/ucentral.org\/informativo\/index.php\/wp-json\/wp\/v2\/types\/post"}],"author":[{"embeddable":true,"href":"https:\/\/ucentral.org\/informativo\/index.php\/wp-json\/wp\/v2\/users\/2"}],"replies":[{"embeddable":true,"href":"https:\/\/ucentral.org\/informativo\/index.php\/wp-json\/wp\/v2\/comments?post=1589"}],"version-history":[{"count":1,"href":"https:\/\/ucentral.org\/informativo\/index.php\/wp-json\/wp\/v2\/posts\/1589\/revisions"}],"predecessor-version":[{"id":1594,"href":"https:\/\/ucentral.org\/informativo\/index.php\/wp-json\/wp\/v2\/posts\/1589\/revisions\/1594"}],"wp:featuredmedia":[{"embeddable":true,"href":"https:\/\/ucentral.org\/informativo\/index.php\/wp-json\/wp\/v2\/media\/1591"}],"wp:attachment":[{"href":"https:\/\/ucentral.org\/informativo\/index.php\/wp-json\/wp\/v2\/media?parent=1589"}],"wp:term":[{"taxonomy":"category","embeddable":true,"href":"https:\/\/ucentral.org\/informativo\/index.php\/wp-json\/wp\/v2\/categories?post=1589"},{"taxonomy":"post_tag","embeddable":true,"href":"https:\/\/ucentral.org\/informativo\/index.php\/wp-json\/wp\/v2\/tags?post=1589"}],"curies":[{"name":"wp","href":"https:\/\/api.w.org\/{rel}","templated":true}]}}