{"id":1602,"date":"2024-12-02T10:35:16","date_gmt":"2024-12-02T15:35:16","guid":{"rendered":"https:\/\/ucentral.org\/informativo\/?p=1602"},"modified":"2024-12-02T10:37:09","modified_gmt":"2024-12-02T15:37:09","slug":"facultad-de-ciencias-de-la-universidad-central-del-ecuador-sera-la-sede-de-las-vii-jornadas-ecuatorianas-de-matematica-jem","status":"publish","type":"post","link":"https:\/\/ucentral.org\/informativo\/index.php\/2024\/12\/02\/facultad-de-ciencias-de-la-universidad-central-del-ecuador-sera-la-sede-de-las-vii-jornadas-ecuatorianas-de-matematica-jem\/","title":{"rendered":"Facultad de Ciencias de la Universidad Central del Ecuador ser\u00e1 la sede de las VII Jornadas Ecuatorianas de Matem\u00e1tica (JEM)"},"content":{"rendered":"\n<p>Con gran orgullo, anunciamos que la <strong>Facultad de Ciencias de la Universidad Central del Ecuador<\/strong> ha sido seleccionada por unanimidad como la <strong>sede de las VII Jornadas Ecuatorianas de Matem\u00e1tica (JEM)<\/strong>. Esta designaci\u00f3n, acordada por el Comit\u00e9 Cient\u00edfico y los coordinadores de las sesiones de las VI Jornadas, refleja la confianza y el reconocimiento hacia nuestra instituci\u00f3n por su destacado compromiso y trayectoria en el \u00e1mbito acad\u00e9mico y cient\u00edfico en el \u00e1rea de la Matem\u00e1tica. La decisi\u00f3n fue tomada por voto un\u00e1nime de todos los miembros durante una reuni\u00f3n realizada el viernes 29 de noviembre de 2024. <\/p>\n\n\n\n<p>Este evento, que se llevar\u00e1 a cabo el 2025 como parte de la celebraci\u00f3n de los 200 a\u00f1os de fundaci\u00f3n republicana de la Universidad Central del Ecuador (1826), promete ser un espacio de intercambio y crecimiento para la comunidad cient\u00edfica, contribuyendo significativamente al desarrollo de la Matem\u00e1tica en el pa\u00eds. <\/p>\n\n\n\n<p>Estamos comprometidos a hacer de las VII Jornadas Ecuatorianas de Matem\u00e1tica un evento de gran \u00e9xito y relevancia, fortaleciendo as\u00ed nuestra misi\u00f3n de fomentar la investigaci\u00f3n y la educaci\u00f3n en las ciencias exactas.<\/p>\n","protected":false},"excerpt":{"rendered":"<p>Con gran orgullo, anunciamos que la Facultad de Ciencias de la Universidad Central del Ecuador ha sido seleccionada por unanimidad como la sede de las VII Jornadas Ecuatorianas de Matem\u00e1tica (JEM). Esta designaci\u00f3n, acordada por el Comit\u00e9 Cient\u00edfico y los coordinadores de las sesiones de las VI Jornadas, refleja la confianza y el reconocimiento hacia [&hellip;]<\/p>\n","protected":false},"author":2,"featured_media":1603,"comment_status":"closed","ping_status":"closed","sticky":false,"template":"","format":"standard","meta":{"footnotes":""},"categories":[112,13,164,6],"tags":[149,329,330],"class_list":["post-1602","post","type-post","status-publish","format-standard","has-post-thumbnail","hentry","category-ciencia-central","category-cursos-seminarios","category-eventos","category-noticias","tag-facultad-de-ciencias","tag-jem","tag-sede"],"_links":{"self":[{"href":"https:\/\/ucentral.org\/informativo\/index.php\/wp-json\/wp\/v2\/posts\/1602","targetHints":{"allow":["GET"]}}],"collection":[{"href":"https:\/\/ucentral.org\/informativo\/index.php\/wp-json\/wp\/v2\/posts"}],"about":[{"href":"https:\/\/ucentral.org\/informativo\/index.php\/wp-json\/wp\/v2\/types\/post"}],"author":[{"embeddable":true,"href":"https:\/\/ucentral.org\/informativo\/index.php\/wp-json\/wp\/v2\/users\/2"}],"replies":[{"embeddable":true,"href":"https:\/\/ucentral.org\/informativo\/index.php\/wp-json\/wp\/v2\/comments?post=1602"}],"version-history":[{"count":1,"href":"https:\/\/ucentral.org\/informativo\/index.php\/wp-json\/wp\/v2\/posts\/1602\/revisions"}],"predecessor-version":[{"id":1604,"href":"https:\/\/ucentral.org\/informativo\/index.php\/wp-json\/wp\/v2\/posts\/1602\/revisions\/1604"}],"wp:featuredmedia":[{"embeddable":true,"href":"https:\/\/ucentral.org\/informativo\/index.php\/wp-json\/wp\/v2\/media\/1603"}],"wp:attachment":[{"href":"https:\/\/ucentral.org\/informativo\/index.php\/wp-json\/wp\/v2\/media?parent=1602"}],"wp:term":[{"taxonomy":"category","embeddable":true,"href":"https:\/\/ucentral.org\/informativo\/index.php\/wp-json\/wp\/v2\/categories?post=1602"},{"taxonomy":"post_tag","embeddable":true,"href":"https:\/\/ucentral.org\/informativo\/index.php\/wp-json\/wp\/v2\/tags?post=1602"}],"curies":[{"name":"wp","href":"https:\/\/api.w.org\/{rel}","templated":true}]}}