{"id":1605,"date":"2024-12-02T19:21:06","date_gmt":"2024-12-03T00:21:06","guid":{"rendered":"https:\/\/ucentral.org\/informativo\/?p=1605"},"modified":"2024-12-02T23:11:03","modified_gmt":"2024-12-03T04:11:03","slug":"facultad-de-ciencias-y-amarun-firman-convenio-de-cooperacion","status":"publish","type":"post","link":"https:\/\/ucentral.org\/informativo\/index.php\/2024\/12\/02\/facultad-de-ciencias-y-amarun-firman-convenio-de-cooperacion\/","title":{"rendered":"Facultad de Ciencias y Amarun Firman Convenio de Cooperaci\u00f3n"},"content":{"rendered":"\n<p>Comunicamos la firma del convenio de cooperaci\u00f3n entre la Facultad de Ciencias de la Universidad Central del Ecuador y <strong>Amarun<\/strong>, una<strong> asociaci\u00f3n de cient\u00edficos fundada en Par\u00eds en 2006<\/strong>. <\/p>\n\n\n\n<p>El convenio espec\u00edfico de cooperaci\u00f3n interinstitucional entre <strong>Amarun<\/strong> y la <strong>Facultad de Ciencias<\/strong> busca impulsar la realizaci\u00f3n de proyectos y actividades espec\u00edficas en el \u00e1rea de vinculaci\u00f3n con la sociedad. Las l\u00edneas operativas incluyen proyectos de vinculaci\u00f3n, educaci\u00f3n continua (cursos, seminarios, eventos), pr\u00e1cticas preprofesionales y pasant\u00edas.<\/p>\n\n\n\n<figure class=\"wp-block-gallery has-nested-images columns-default is-cropped wp-block-gallery-1 is-layout-flex wp-block-gallery-is-layout-flex\">\n<figure class=\"wp-block-image size-large\"><img loading=\"lazy\" decoding=\"async\" width=\"1024\" height=\"611\" data-id=\"1606\" src=\"https:\/\/ucentral.org\/informativo\/wp-content\/uploads\/2024\/12\/amarun01-1024x611.jpg\" alt=\"\" class=\"wp-image-1606\" srcset=\"https:\/\/ucentral.org\/informativo\/wp-content\/uploads\/2024\/12\/amarun01-1024x611.jpg 1024w, https:\/\/ucentral.org\/informativo\/wp-content\/uploads\/2024\/12\/amarun01-300x179.jpg 300w, https:\/\/ucentral.org\/informativo\/wp-content\/uploads\/2024\/12\/amarun01-768x458.jpg 768w, https:\/\/ucentral.org\/informativo\/wp-content\/uploads\/2024\/12\/amarun01.jpg 1480w\" sizes=\"auto, (max-width: 1024px) 100vw, 1024px\" \/><\/figure>\n<\/figure>\n","protected":false},"excerpt":{"rendered":"<p>Comunicamos la firma del convenio de cooperaci\u00f3n entre la Facultad de Ciencias de la Universidad Central del Ecuador y Amarun, una asociaci\u00f3n de cient\u00edficos fundada en Par\u00eds en 2006. El convenio espec\u00edfico de cooperaci\u00f3n interinstitucional entre Amarun y la Facultad de Ciencias busca impulsar la realizaci\u00f3n de proyectos y actividades espec\u00edficas en el \u00e1rea de [&hellip;]<\/p>\n","protected":false},"author":2,"featured_media":1607,"comment_status":"closed","ping_status":"closed","sticky":false,"template":"","format":"standard","meta":{"footnotes":""},"categories":[181,6],"tags":[331,149],"class_list":["post-1605","post","type-post","status-publish","format-standard","has-post-thumbnail","hentry","category-convenios","category-noticias","tag-amarun","tag-facultad-de-ciencias"],"_links":{"self":[{"href":"https:\/\/ucentral.org\/informativo\/index.php\/wp-json\/wp\/v2\/posts\/1605","targetHints":{"allow":["GET"]}}],"collection":[{"href":"https:\/\/ucentral.org\/informativo\/index.php\/wp-json\/wp\/v2\/posts"}],"about":[{"href":"https:\/\/ucentral.org\/informativo\/index.php\/wp-json\/wp\/v2\/types\/post"}],"author":[{"embeddable":true,"href":"https:\/\/ucentral.org\/informativo\/index.php\/wp-json\/wp\/v2\/users\/2"}],"replies":[{"embeddable":true,"href":"https:\/\/ucentral.org\/informativo\/index.php\/wp-json\/wp\/v2\/comments?post=1605"}],"version-history":[{"count":2,"href":"https:\/\/ucentral.org\/informativo\/index.php\/wp-json\/wp\/v2\/posts\/1605\/revisions"}],"predecessor-version":[{"id":1610,"href":"https:\/\/ucentral.org\/informativo\/index.php\/wp-json\/wp\/v2\/posts\/1605\/revisions\/1610"}],"wp:featuredmedia":[{"embeddable":true,"href":"https:\/\/ucentral.org\/informativo\/index.php\/wp-json\/wp\/v2\/media\/1607"}],"wp:attachment":[{"href":"https:\/\/ucentral.org\/informativo\/index.php\/wp-json\/wp\/v2\/media?parent=1605"}],"wp:term":[{"taxonomy":"category","embeddable":true,"href":"https:\/\/ucentral.org\/informativo\/index.php\/wp-json\/wp\/v2\/categories?post=1605"},{"taxonomy":"post_tag","embeddable":true,"href":"https:\/\/ucentral.org\/informativo\/index.php\/wp-json\/wp\/v2\/tags?post=1605"}],"curies":[{"name":"wp","href":"https:\/\/api.w.org\/{rel}","templated":true}]}}