{"id":1625,"date":"2024-12-06T08:14:24","date_gmt":"2024-12-06T13:14:24","guid":{"rendered":"https:\/\/ucentral.org\/informativo\/?p=1625"},"modified":"2024-12-07T23:14:46","modified_gmt":"2024-12-08T04:14:46","slug":"unete-a-nuestra-maestria-en-matematicas-puras-y-aplicadas","status":"publish","type":"post","link":"https:\/\/ucentral.org\/informativo\/index.php\/2024\/12\/06\/unete-a-nuestra-maestria-en-matematicas-puras-y-aplicadas\/","title":{"rendered":"Forma parte de nuestra Maestr\u00eda en Matem\u00e1ticas Puras y Aplicadas"},"content":{"rendered":"\n<p>\u00danete a nuestra maestr\u00eda en Matem\u00e1ticas Puras y Aplicadas y convi\u00e9rtete en un experto en las bases fundamentales de las tecnolog\u00edas y herramientas que sustentan la inteligencia artificial, la ciencia de datos y otras tecnolog\u00edas y desarrollos.<\/p>\n\n\n\n<p>Nuestra\u00a0<strong>Maestr\u00eda en Matem\u00e1ticas Puras y Aplicadas<\/strong>\u00a0es una excelente oportunidad si deseas profundizar en el estudio de las matem\u00e1ticas y su aplicaci\u00f3n en diversos campos. La formaci\u00f3n avanzada que recibir\u00e1s te permitir\u00e1 desarrollar habilidades anal\u00edticas y de resoluci\u00f3n de problemas complejos, esenciales en la investigaci\u00f3n cient\u00edfica, la ingenier\u00eda y la tecnolog\u00eda.<\/p>\n\n\n\n<figure class=\"wp-block-image size-large is-style-rounded\"><img loading=\"lazy\" decoding=\"async\" width=\"1024\" height=\"576\" src=\"https:\/\/ucentral.org\/informativo\/wp-content\/uploads\/2024\/12\/IAMMPA02-1024x576.jpg\" alt=\"\" class=\"wp-image-1651\" srcset=\"https:\/\/ucentral.org\/informativo\/wp-content\/uploads\/2024\/12\/IAMMPA02-1024x576.jpg 1024w, https:\/\/ucentral.org\/informativo\/wp-content\/uploads\/2024\/12\/IAMMPA02-300x169.jpg 300w, https:\/\/ucentral.org\/informativo\/wp-content\/uploads\/2024\/12\/IAMMPA02-768x432.jpg 768w, https:\/\/ucentral.org\/informativo\/wp-content\/uploads\/2024\/12\/IAMMPA02-555x311.jpg 555w, https:\/\/ucentral.org\/informativo\/wp-content\/uploads\/2024\/12\/IAMMPA02.jpg 1200w\" sizes=\"auto, (max-width: 1024px) 100vw, 1024px\" \/><\/figure>\n\n\n\n<p class=\"has-medium-font-size\">m\u00e1s informaci\u00f3n -&gt; <a href=\"https:\/\/ucentral.org\/informativo\/index.php\/posgrados\/maestria-en-matematicas-puras-y-aplicadas\/\" target=\"_blank\" rel=\"noreferrer noopener\">Maestr\u00eda en Matem\u00e1ticas Puras y Aplicadas<\/a><\/p>\n","protected":false},"excerpt":{"rendered":"<p>\u00danete a nuestra maestr\u00eda en Matem\u00e1ticas Puras y Aplicadas y convi\u00e9rtete en un experto en las bases fundamentales de las tecnolog\u00edas y herramientas que sustentan la inteligencia artificial, la ciencia de datos y otras tecnolog\u00edas y desarrollos. Nuestra\u00a0Maestr\u00eda en Matem\u00e1ticas Puras y Aplicadas\u00a0es una excelente oportunidad si deseas profundizar en el estudio de las matem\u00e1ticas [&hellip;]<\/p>\n","protected":false},"author":2,"featured_media":1639,"comment_status":"closed","ping_status":"closed","sticky":false,"template":"","format":"standard","meta":{"footnotes":""},"categories":[213,6,332],"tags":[333,168],"class_list":["post-1625","post","type-post","status-publish","format-standard","has-post-thumbnail","hentry","category-convocatoria","category-noticias","category-posgrados","tag-maestria","tag-matematica-2"],"_links":{"self":[{"href":"https:\/\/ucentral.org\/informativo\/index.php\/wp-json\/wp\/v2\/posts\/1625","targetHints":{"allow":["GET"]}}],"collection":[{"href":"https:\/\/ucentral.org\/informativo\/index.php\/wp-json\/wp\/v2\/posts"}],"about":[{"href":"https:\/\/ucentral.org\/informativo\/index.php\/wp-json\/wp\/v2\/types\/post"}],"author":[{"embeddable":true,"href":"https:\/\/ucentral.org\/informativo\/index.php\/wp-json\/wp\/v2\/users\/2"}],"replies":[{"embeddable":true,"href":"https:\/\/ucentral.org\/informativo\/index.php\/wp-json\/wp\/v2\/comments?post=1625"}],"version-history":[{"count":5,"href":"https:\/\/ucentral.org\/informativo\/index.php\/wp-json\/wp\/v2\/posts\/1625\/revisions"}],"predecessor-version":[{"id":1652,"href":"https:\/\/ucentral.org\/informativo\/index.php\/wp-json\/wp\/v2\/posts\/1625\/revisions\/1652"}],"wp:featuredmedia":[{"embeddable":true,"href":"https:\/\/ucentral.org\/informativo\/index.php\/wp-json\/wp\/v2\/media\/1639"}],"wp:attachment":[{"href":"https:\/\/ucentral.org\/informativo\/index.php\/wp-json\/wp\/v2\/media?parent=1625"}],"wp:term":[{"taxonomy":"category","embeddable":true,"href":"https:\/\/ucentral.org\/informativo\/index.php\/wp-json\/wp\/v2\/categories?post=1625"},{"taxonomy":"post_tag","embeddable":true,"href":"https:\/\/ucentral.org\/informativo\/index.php\/wp-json\/wp\/v2\/tags?post=1625"}],"curies":[{"name":"wp","href":"https:\/\/api.w.org\/{rel}","templated":true}]}}