{"id":1653,"date":"2024-12-08T23:43:29","date_gmt":"2024-12-09T04:43:29","guid":{"rendered":"https:\/\/ucentral.org\/informativo\/?p=1653"},"modified":"2024-12-09T13:46:37","modified_gmt":"2024-12-09T18:46:37","slug":"la-universidad-central-del-ecuador-y-la-empresa-privada-se-juntan-para-acordar-proyectos-conjuntos","status":"publish","type":"post","link":"https:\/\/ucentral.org\/informativo\/index.php\/2024\/12\/08\/la-universidad-central-del-ecuador-y-la-empresa-privada-se-juntan-para-acordar-proyectos-conjuntos\/","title":{"rendered":"La Universidad Central del Ecuador y la empresa privada se juntan para acordar proyectos conjuntos"},"content":{"rendered":"\n<p>En un esfuerzo por fomentar la vinculaci\u00f3n con la sociedad en el pa\u00eds a trav\u00e9s de la innovaci\u00f3n y el desarrollo tecnol\u00f3gico, las autoridades de la <strong>Universidad Central del Ecuador (UCE)<\/strong>, <strong>Dr. Patricio Espinosa Del Pozo (Rector)<\/strong> y <strong>Dra. Julieta Logro\u00f1o (Vicerrectora Acad\u00e9mica y Posgrados)<\/strong>, han mantenido una reuni\u00f3n estrat\u00e9gica con representantes de la empresa privada para delinear acciones de colaboraci\u00f3n conjunta. El objetivo principal de esta alianza es el apoyo a la investigaci\u00f3n e innovaci\u00f3n a trav\u00e9s de la implementaci\u00f3n de <strong>UCETech<\/strong>, el parque tecnol\u00f3gico de la UCE.<\/p>\n\n\n\n<p>Durante la reuni\u00f3n, se discutieron diversas iniciativas y proyectos que buscan integrar el conocimiento acad\u00e9mico con la experiencia del sector privado, creando un ecosistema de innovaci\u00f3n que beneficie tanto a la comunidad universitaria como a la industria. <strong>UCETech <\/strong>se perfila como un espacio donde la investigaci\u00f3n, el desarrollo tecnol\u00f3gico y la formaci\u00f3n de talento convergen para impulsar el progreso y la competitividad del Ecuador en el \u00e1mbito global.<\/p>\n\n\n\n<p>El <strong>Dr. Patricio Espinosa Del Pozo<\/strong> destac\u00f3 la importancia de esta colaboraci\u00f3n, se\u00f1alando que <em>&#8220;UCETech no solo ser\u00e1 un centro de innovaci\u00f3n, sino tambi\u00e9n un puente entre la academia y la industria, facilitando el intercambio de conocimientos y la creaci\u00f3n de soluciones tecnol\u00f3gicas que respondan a las necesidades del mercado&#8221;.<\/em><\/p>\n\n\n\n<p>Por su parte, la <strong>Dra. Julieta Logro\u00f1o<\/strong> enfatiz\u00f3 que <em>&#8220;la implementaci\u00f3n de UCETech es un paso crucial para posicionar a la UCE como un l\u00edder en investigaci\u00f3n y desarrollo tecnol\u00f3gico, y para preparar a nuestros estudiantes y docentes para los desaf\u00edos del futuro&#8221;<\/em>.<\/p>\n\n\n\n<p>Esta iniciativa conjunta promete ser un catalizador para el desarrollo tecnol\u00f3gico y econ\u00f3mico del pa\u00eds, abriendo nuevas oportunidades para la colaboraci\u00f3n entre la universidad y el sector privado, y fomentando un entorno propicio para la vinculaci\u00f3n, innovaci\u00f3n y el emprendimiento.<\/p>\n\n\n\n<p class=\"has-text-align-center has-vivid-cyan-blue-color has-text-color has-link-color has-medium-font-size wp-elements-bd54cece5a717acf66c4750034943b25\"><strong>\u00a1La Universidad Central del Ecuador invita a las empresas privadas <br>a unirse a este proyecto de pa\u00eds!<\/strong><\/p>\n","protected":false},"excerpt":{"rendered":"<p>En un esfuerzo por fomentar la vinculaci\u00f3n con la sociedad en el pa\u00eds a trav\u00e9s de la innovaci\u00f3n y el desarrollo tecnol\u00f3gico, las autoridades de la Universidad Central del Ecuador (UCE), Dr. Patricio Espinosa Del Pozo (Rector) y Dra. Julieta Logro\u00f1o (Vicerrectora Acad\u00e9mica y Posgrados), han mantenido una reuni\u00f3n estrat\u00e9gica con representantes de la empresa [&hellip;]<\/p>\n","protected":false},"author":2,"featured_media":1654,"comment_status":"closed","ping_status":"closed","sticky":false,"template":"","format":"standard","meta":{"footnotes":""},"categories":[181,41,6],"tags":[335,266,334],"class_list":["post-1653","post","type-post","status-publish","format-standard","has-post-thumbnail","hentry","category-convenios","category-investigacion","category-noticias","tag-gruponova","tag-uce","tag-ucetech"],"_links":{"self":[{"href":"https:\/\/ucentral.org\/informativo\/index.php\/wp-json\/wp\/v2\/posts\/1653","targetHints":{"allow":["GET"]}}],"collection":[{"href":"https:\/\/ucentral.org\/informativo\/index.php\/wp-json\/wp\/v2\/posts"}],"about":[{"href":"https:\/\/ucentral.org\/informativo\/index.php\/wp-json\/wp\/v2\/types\/post"}],"author":[{"embeddable":true,"href":"https:\/\/ucentral.org\/informativo\/index.php\/wp-json\/wp\/v2\/users\/2"}],"replies":[{"embeddable":true,"href":"https:\/\/ucentral.org\/informativo\/index.php\/wp-json\/wp\/v2\/comments?post=1653"}],"version-history":[{"count":2,"href":"https:\/\/ucentral.org\/informativo\/index.php\/wp-json\/wp\/v2\/posts\/1653\/revisions"}],"predecessor-version":[{"id":1657,"href":"https:\/\/ucentral.org\/informativo\/index.php\/wp-json\/wp\/v2\/posts\/1653\/revisions\/1657"}],"wp:featuredmedia":[{"embeddable":true,"href":"https:\/\/ucentral.org\/informativo\/index.php\/wp-json\/wp\/v2\/media\/1654"}],"wp:attachment":[{"href":"https:\/\/ucentral.org\/informativo\/index.php\/wp-json\/wp\/v2\/media?parent=1653"}],"wp:term":[{"taxonomy":"category","embeddable":true,"href":"https:\/\/ucentral.org\/informativo\/index.php\/wp-json\/wp\/v2\/categories?post=1653"},{"taxonomy":"post_tag","embeddable":true,"href":"https:\/\/ucentral.org\/informativo\/index.php\/wp-json\/wp\/v2\/tags?post=1653"}],"curies":[{"name":"wp","href":"https:\/\/api.w.org\/{rel}","templated":true}]}}