{"id":1669,"date":"2024-12-17T10:30:20","date_gmt":"2024-12-17T15:30:20","guid":{"rendered":"https:\/\/ucentral.org\/informativo\/?p=1669"},"modified":"2024-12-17T10:31:35","modified_gmt":"2024-12-17T15:31:35","slug":"futuros-proyectos-de-colaboracion-entre-fundacion-telefonica-y-la-universidad-central-del-ecuador","status":"publish","type":"post","link":"https:\/\/ucentral.org\/informativo\/index.php\/2024\/12\/17\/futuros-proyectos-de-colaboracion-entre-fundacion-telefonica-y-la-universidad-central-del-ecuador\/","title":{"rendered":"Futuros proyectos de colaboraci\u00f3n entre Fundaci\u00f3n Telef\u00f3nica y la Universidad Central del Ecuador"},"content":{"rendered":"\n<p>El pasado 16 de diciembre, se llev\u00f3 a cabo una reuni\u00f3n de trabajo entre representantes de Fundaci\u00f3n Telef\u00f3nica y la Universidad Central del Ecuador (UCE) con el objetivo de delinear futuras l\u00edneas de colaboraci\u00f3n y proyectos conjuntos. El encuentro cont\u00f3 con la participaci\u00f3n de Javier Alvarado, representante de Fundaci\u00f3n Telef\u00f3nica; la Dra. Julieta Logro\u00f1o, Vicerrectora Acad\u00e9mica y de Posgrados; Johanna Freire, Directora de Comunicaci\u00f3n de la UCE; y Franz Del Pozo, Decano de la Facultad de Ciencias. Durante la reuni\u00f3n se dialog\u00f3 sobre posibles iniciativas que impulsen la educaci\u00f3n, la innovaci\u00f3n tecnol\u00f3gica y el desarrollo acad\u00e9mico en beneficio de la comunidad universitaria y la sociedad ecuatoriana.<\/p>\n","protected":false},"excerpt":{"rendered":"<p>El pasado 16 de diciembre, se llev\u00f3 a cabo una reuni\u00f3n de trabajo entre representantes de Fundaci\u00f3n Telef\u00f3nica y la Universidad Central del Ecuador (UCE) con el objetivo de delinear futuras l\u00edneas de colaboraci\u00f3n y proyectos conjuntos. El encuentro cont\u00f3 con la participaci\u00f3n de Javier Alvarado, representante de Fundaci\u00f3n Telef\u00f3nica; la Dra. Julieta Logro\u00f1o, Vicerrectora [&hellip;]<\/p>\n","protected":false},"author":2,"featured_media":1672,"comment_status":"closed","ping_status":"closed","sticky":false,"template":"","format":"standard","meta":{"footnotes":""},"categories":[181,6],"tags":[337,266],"class_list":["post-1669","post","type-post","status-publish","format-standard","has-post-thumbnail","hentry","category-convenios","category-noticias","tag-fundacion-telefonica","tag-uce"],"_links":{"self":[{"href":"https:\/\/ucentral.org\/informativo\/index.php\/wp-json\/wp\/v2\/posts\/1669","targetHints":{"allow":["GET"]}}],"collection":[{"href":"https:\/\/ucentral.org\/informativo\/index.php\/wp-json\/wp\/v2\/posts"}],"about":[{"href":"https:\/\/ucentral.org\/informativo\/index.php\/wp-json\/wp\/v2\/types\/post"}],"author":[{"embeddable":true,"href":"https:\/\/ucentral.org\/informativo\/index.php\/wp-json\/wp\/v2\/users\/2"}],"replies":[{"embeddable":true,"href":"https:\/\/ucentral.org\/informativo\/index.php\/wp-json\/wp\/v2\/comments?post=1669"}],"version-history":[{"count":2,"href":"https:\/\/ucentral.org\/informativo\/index.php\/wp-json\/wp\/v2\/posts\/1669\/revisions"}],"predecessor-version":[{"id":1674,"href":"https:\/\/ucentral.org\/informativo\/index.php\/wp-json\/wp\/v2\/posts\/1669\/revisions\/1674"}],"wp:featuredmedia":[{"embeddable":true,"href":"https:\/\/ucentral.org\/informativo\/index.php\/wp-json\/wp\/v2\/media\/1672"}],"wp:attachment":[{"href":"https:\/\/ucentral.org\/informativo\/index.php\/wp-json\/wp\/v2\/media?parent=1669"}],"wp:term":[{"taxonomy":"category","embeddable":true,"href":"https:\/\/ucentral.org\/informativo\/index.php\/wp-json\/wp\/v2\/categories?post=1669"},{"taxonomy":"post_tag","embeddable":true,"href":"https:\/\/ucentral.org\/informativo\/index.php\/wp-json\/wp\/v2\/tags?post=1669"}],"curies":[{"name":"wp","href":"https:\/\/api.w.org\/{rel}","templated":true}]}}