{"id":1676,"date":"2024-12-18T13:19:19","date_gmt":"2024-12-18T18:19:19","guid":{"rendered":"https:\/\/ucentral.org\/informativo\/?p=1676"},"modified":"2024-12-18T13:20:19","modified_gmt":"2024-12-18T18:20:19","slug":"el-dr-jhonny-yunda-de-la-universite-catholique-de-louvain-belgica-dicto-la-conferencia-inteligencia-artificial-en-la-salud-aplicaciones-y-perspectivas","status":"publish","type":"post","link":"https:\/\/ucentral.org\/informativo\/index.php\/2024\/12\/18\/el-dr-jhonny-yunda-de-la-universite-catholique-de-louvain-belgica-dicto-la-conferencia-inteligencia-artificial-en-la-salud-aplicaciones-y-perspectivas\/","title":{"rendered":"El Dr. Jhonny Yunda de la Universit\u00e9 Catholique de Louvain (B\u00e9lgica) dict\u00f3 la conferencia &#8216;Inteligencia Artificial en la Salud: Aplicaciones y Perspectivas&#8217;"},"content":{"rendered":"\n<p>El Grupo de Investigaci\u00f3n GALILEO y la Facultad de Ciencias de la Universidad Central del Ecuador celebraron con \u00e9xito la conferencia titulada <strong>&#8220;Inteligencia Artificial en la Salud: Aplicaciones y Perspectivas&#8221;<\/strong>, dictada por el<strong> Dr. Jhonny Yunda<\/strong> de la <strong>Universit\u00e9 Catholique de Louvain (B\u00e9lgica)<\/strong>. <\/p>\n\n\n\n<p>El evento reuni\u00f3 a una numerosa concurrencia de estudiantes y representantes de empresas interesadas en la tem\u00e1tica, fomentando un intercambio enriquecedor de conocimientos y experiencias. <\/p>\n\n\n\n<p>Agradecemos profundamente al <strong>Dr. Yunda <\/strong>y al <strong>Dr. Darwin Caina<\/strong> docente de nuestra Facultad por su valiosa contribuci\u00f3n a la divulgaci\u00f3n de la ciencia.<\/p>\n","protected":false},"excerpt":{"rendered":"<p>El Grupo de Investigaci\u00f3n GALILEO y la Facultad de Ciencias de la Universidad Central del Ecuador celebraron con \u00e9xito la conferencia titulada &#8220;Inteligencia Artificial en la Salud: Aplicaciones y Perspectivas&#8221;, dictada por el Dr. Jhonny Yunda de la Universit\u00e9 Catholique de Louvain (B\u00e9lgica). El evento reuni\u00f3 a una numerosa concurrencia de estudiantes y representantes de [&hellip;]<\/p>\n","protected":false},"author":2,"featured_media":1677,"comment_status":"closed","ping_status":"closed","sticky":false,"template":"","format":"standard","meta":{"footnotes":""},"categories":[13,164,41,6,73],"tags":[149,298,275,127],"class_list":["post-1676","post","type-post","status-publish","format-standard","has-post-thumbnail","hentry","category-cursos-seminarios","category-eventos","category-investigacion","category-noticias","category-webinar","tag-facultad-de-ciencias","tag-grupo-galileo","tag-inteligencia-artificial","tag-salud"],"_links":{"self":[{"href":"https:\/\/ucentral.org\/informativo\/index.php\/wp-json\/wp\/v2\/posts\/1676","targetHints":{"allow":["GET"]}}],"collection":[{"href":"https:\/\/ucentral.org\/informativo\/index.php\/wp-json\/wp\/v2\/posts"}],"about":[{"href":"https:\/\/ucentral.org\/informativo\/index.php\/wp-json\/wp\/v2\/types\/post"}],"author":[{"embeddable":true,"href":"https:\/\/ucentral.org\/informativo\/index.php\/wp-json\/wp\/v2\/users\/2"}],"replies":[{"embeddable":true,"href":"https:\/\/ucentral.org\/informativo\/index.php\/wp-json\/wp\/v2\/comments?post=1676"}],"version-history":[{"count":2,"href":"https:\/\/ucentral.org\/informativo\/index.php\/wp-json\/wp\/v2\/posts\/1676\/revisions"}],"predecessor-version":[{"id":1680,"href":"https:\/\/ucentral.org\/informativo\/index.php\/wp-json\/wp\/v2\/posts\/1676\/revisions\/1680"}],"wp:featuredmedia":[{"embeddable":true,"href":"https:\/\/ucentral.org\/informativo\/index.php\/wp-json\/wp\/v2\/media\/1677"}],"wp:attachment":[{"href":"https:\/\/ucentral.org\/informativo\/index.php\/wp-json\/wp\/v2\/media?parent=1676"}],"wp:term":[{"taxonomy":"category","embeddable":true,"href":"https:\/\/ucentral.org\/informativo\/index.php\/wp-json\/wp\/v2\/categories?post=1676"},{"taxonomy":"post_tag","embeddable":true,"href":"https:\/\/ucentral.org\/informativo\/index.php\/wp-json\/wp\/v2\/tags?post=1676"}],"curies":[{"name":"wp","href":"https:\/\/api.w.org\/{rel}","templated":true}]}}