{"id":1684,"date":"2024-12-23T19:21:19","date_gmt":"2024-12-24T00:21:19","guid":{"rendered":"https:\/\/ucentral.org\/informativo\/?p=1684"},"modified":"2024-12-23T19:21:20","modified_gmt":"2024-12-24T00:21:20","slug":"feliz-navidad-y-prospero-ano-nuevo-2025","status":"publish","type":"post","link":"https:\/\/ucentral.org\/informativo\/index.php\/2024\/12\/23\/feliz-navidad-y-prospero-ano-nuevo-2025\/","title":{"rendered":"\u00a1Feliz Navidad y Pr\u00f3spero A\u00f1o Nuevo 2025!"},"content":{"rendered":"\n<p>Querida comunidad de la Universidad Central del Ecuador.<\/p>\n\n\n\n<p>En esta \u00e9poca tan especial, queremos extender nuestros m\u00e1s sinceros deseos de paz, amor y prosperidad a todos los docentes, trabajadores y estudiantes. <\/p>\n\n\n\n<p>Que esta Navidad est\u00e9 llena de alegr\u00eda, uni\u00f3n y momentos inolvidables junto a sus seres queridos.<\/p>\n\n\n\n<p>A medida que nos acercamos al A\u00f1o Nuevo, nos llena de entusiasmo y esperanza pensar en los nuevos retos y oportunidades que nos esperan en 2025. Estamos seguros de que, con el esfuerzo y la dedicaci\u00f3n de cada uno de ustedes, alcanzaremos grandes logros y avanzaremos juntos como universidad.<\/p>\n\n\n\n<p>Desde la Facultad de Ciencias, les enviamos nuestros mejores deseos para que este nuevo a\u00f1o est\u00e9 lleno de \u00e9xitos, aprendizajes y crecimiento. <\/p>\n\n\n\n<p>\u00a1Juntos, haremos del 2025 un a\u00f1o de cambio y progreso centralino!<\/p>\n\n\n\n<p><\/p>\n\n\n\n<p class=\"has-text-align-center has-vivid-cyan-blue-color has-text-color has-link-color has-large-font-size wp-elements-c85463bd2164ebd9b6ad1effb99f9d67\">Facultad de Ciencias <br>Universidad Central del Ecuador<\/p>\n","protected":false},"excerpt":{"rendered":"<p>Querida comunidad de la Universidad Central del Ecuador. En esta \u00e9poca tan especial, queremos extender nuestros m\u00e1s sinceros deseos de paz, amor y prosperidad a todos los docentes, trabajadores y estudiantes. Que esta Navidad est\u00e9 llena de alegr\u00eda, uni\u00f3n y momentos inolvidables junto a sus seres queridos. A medida que nos acercamos al A\u00f1o Nuevo, [&hellip;]<\/p>\n","protected":false},"author":2,"featured_media":1685,"comment_status":"closed","ping_status":"closed","sticky":false,"template":"","format":"standard","meta":{"footnotes":""},"categories":[6],"tags":[341,340],"class_list":["post-1684","post","type-post","status-publish","format-standard","has-post-thumbnail","hentry","category-noticias","tag-ano-nuevo","tag-navidad"],"_links":{"self":[{"href":"https:\/\/ucentral.org\/informativo\/index.php\/wp-json\/wp\/v2\/posts\/1684","targetHints":{"allow":["GET"]}}],"collection":[{"href":"https:\/\/ucentral.org\/informativo\/index.php\/wp-json\/wp\/v2\/posts"}],"about":[{"href":"https:\/\/ucentral.org\/informativo\/index.php\/wp-json\/wp\/v2\/types\/post"}],"author":[{"embeddable":true,"href":"https:\/\/ucentral.org\/informativo\/index.php\/wp-json\/wp\/v2\/users\/2"}],"replies":[{"embeddable":true,"href":"https:\/\/ucentral.org\/informativo\/index.php\/wp-json\/wp\/v2\/comments?post=1684"}],"version-history":[{"count":1,"href":"https:\/\/ucentral.org\/informativo\/index.php\/wp-json\/wp\/v2\/posts\/1684\/revisions"}],"predecessor-version":[{"id":1686,"href":"https:\/\/ucentral.org\/informativo\/index.php\/wp-json\/wp\/v2\/posts\/1684\/revisions\/1686"}],"wp:featuredmedia":[{"embeddable":true,"href":"https:\/\/ucentral.org\/informativo\/index.php\/wp-json\/wp\/v2\/media\/1685"}],"wp:attachment":[{"href":"https:\/\/ucentral.org\/informativo\/index.php\/wp-json\/wp\/v2\/media?parent=1684"}],"wp:term":[{"taxonomy":"category","embeddable":true,"href":"https:\/\/ucentral.org\/informativo\/index.php\/wp-json\/wp\/v2\/categories?post=1684"},{"taxonomy":"post_tag","embeddable":true,"href":"https:\/\/ucentral.org\/informativo\/index.php\/wp-json\/wp\/v2\/tags?post=1684"}],"curies":[{"name":"wp","href":"https:\/\/api.w.org\/{rel}","templated":true}]}}