{"id":1687,"date":"2025-01-17T14:53:01","date_gmt":"2025-01-17T19:53:01","guid":{"rendered":"https:\/\/ucentral.org\/informativo\/?p=1687"},"modified":"2025-01-17T14:53:02","modified_gmt":"2025-01-17T19:53:02","slug":"jornadas-de-capacitacion-y-formacion-docente-2025","status":"publish","type":"post","link":"https:\/\/ucentral.org\/informativo\/index.php\/2025\/01\/17\/jornadas-de-capacitacion-y-formacion-docente-2025\/","title":{"rendered":"Jornadas de capacitaci\u00f3n y formaci\u00f3n docente 2025"},"content":{"rendered":"\n<p>Jornadas de Capacitaci\u00f3n y Formaci\u00f3n Universitaria planificadas para el primer semestre del a\u00f1o 2025 por la Direcci\u00f3n de Desarrollo Acad\u00e9mico de la Universidad Central del Ecuador.<\/p>\n","protected":false},"excerpt":{"rendered":"<p>Jornadas de Capacitaci\u00f3n y Formaci\u00f3n Universitaria planificadas para el primer semestre del a\u00f1o 2025 por la Direcci\u00f3n de Desarrollo Acad\u00e9mico de la Universidad Central del Ecuador.<\/p>\n","protected":false},"author":2,"featured_media":1688,"comment_status":"closed","ping_status":"closed","sticky":false,"template":"","format":"standard","meta":{"footnotes":""},"categories":[112,13,34,6],"tags":[342,270],"class_list":["post-1687","post","type-post","status-publish","format-standard","has-post-thumbnail","hentry","category-ciencia-central","category-cursos-seminarios","category-docentes","category-noticias","tag-capacitacion","tag-docentes"],"_links":{"self":[{"href":"https:\/\/ucentral.org\/informativo\/index.php\/wp-json\/wp\/v2\/posts\/1687","targetHints":{"allow":["GET"]}}],"collection":[{"href":"https:\/\/ucentral.org\/informativo\/index.php\/wp-json\/wp\/v2\/posts"}],"about":[{"href":"https:\/\/ucentral.org\/informativo\/index.php\/wp-json\/wp\/v2\/types\/post"}],"author":[{"embeddable":true,"href":"https:\/\/ucentral.org\/informativo\/index.php\/wp-json\/wp\/v2\/users\/2"}],"replies":[{"embeddable":true,"href":"https:\/\/ucentral.org\/informativo\/index.php\/wp-json\/wp\/v2\/comments?post=1687"}],"version-history":[{"count":1,"href":"https:\/\/ucentral.org\/informativo\/index.php\/wp-json\/wp\/v2\/posts\/1687\/revisions"}],"predecessor-version":[{"id":1689,"href":"https:\/\/ucentral.org\/informativo\/index.php\/wp-json\/wp\/v2\/posts\/1687\/revisions\/1689"}],"wp:featuredmedia":[{"embeddable":true,"href":"https:\/\/ucentral.org\/informativo\/index.php\/wp-json\/wp\/v2\/media\/1688"}],"wp:attachment":[{"href":"https:\/\/ucentral.org\/informativo\/index.php\/wp-json\/wp\/v2\/media?parent=1687"}],"wp:term":[{"taxonomy":"category","embeddable":true,"href":"https:\/\/ucentral.org\/informativo\/index.php\/wp-json\/wp\/v2\/categories?post=1687"},{"taxonomy":"post_tag","embeddable":true,"href":"https:\/\/ucentral.org\/informativo\/index.php\/wp-json\/wp\/v2\/tags?post=1687"}],"curies":[{"name":"wp","href":"https:\/\/api.w.org\/{rel}","templated":true}]}}