{"id":1701,"date":"2025-02-09T20:54:32","date_gmt":"2025-02-10T01:54:32","guid":{"rendered":"https:\/\/ucentral.org\/informativo\/?p=1701"},"modified":"2025-02-09T21:05:20","modified_gmt":"2025-02-10T02:05:20","slug":"grupo-nova-y-facultades-de-ciencias-y-ciencias-agricolas-de-la-uce-fortalecen-lazos-entre-la-empresa-privada-y-la-academia","status":"publish","type":"post","link":"https:\/\/ucentral.org\/informativo\/index.php\/2025\/02\/09\/grupo-nova-y-facultades-de-ciencias-y-ciencias-agricolas-de-la-uce-fortalecen-lazos-entre-la-empresa-privada-y-la-academia\/","title":{"rendered":"Grupo Nova y Facultades de Ciencias y Ciencias Agr\u00edcolas de la UCE fortalecen lazos entre la empresa privada y la academia"},"content":{"rendered":"\n<p>El Grupo Nova, liderado por Xavier Hervas, junto con Franz Del Pozo -Decano de la Facultad de Ciencias y Juan Borja -Decano de la Facultad de Ciencias Agr\u00edcolas de la Universidad Central del Ecuador (UCE), contin\u00faan estrechando lazos entre la empresa privada y la academia. <\/p>\n\n\n\n<p>El recorrido por los campus CADET | CADER en conjunto con personal, docentes y estudiantes de la UCE permiti\u00f3 visualizar los proyectos que se puede lograr en beneficio de la comunidad, generando un modelo de gesti\u00f3n que conecta de manera s\u00f3lida la universidad con la empresa privada.<\/p>\n\n\n\n<figure class=\"wp-block-gallery has-nested-images columns-default is-cropped wp-block-gallery-1 is-layout-flex wp-block-gallery-is-layout-flex\">\n<figure class=\"wp-block-image size-large\"><img loading=\"lazy\" decoding=\"async\" width=\"1024\" height=\"768\" data-id=\"1702\" src=\"https:\/\/ucentral.org\/informativo\/wp-content\/uploads\/2025\/01\/GrupoNova02-1024x768.jpg\" alt=\"\" class=\"wp-image-1702\" srcset=\"https:\/\/ucentral.org\/informativo\/wp-content\/uploads\/2025\/01\/GrupoNova02-1024x768.jpg 1024w, https:\/\/ucentral.org\/informativo\/wp-content\/uploads\/2025\/01\/GrupoNova02-300x225.jpg 300w, https:\/\/ucentral.org\/informativo\/wp-content\/uploads\/2025\/01\/GrupoNova02-768x576.jpg 768w, https:\/\/ucentral.org\/informativo\/wp-content\/uploads\/2025\/01\/GrupoNova02-1536x1152.jpg 1536w, https:\/\/ucentral.org\/informativo\/wp-content\/uploads\/2025\/01\/GrupoNova02-136x102.jpg 136w, https:\/\/ucentral.org\/informativo\/wp-content\/uploads\/2025\/01\/GrupoNova02.jpg 1600w\" sizes=\"auto, (max-width: 1024px) 100vw, 1024px\" \/><\/figure>\n\n\n\n<figure class=\"wp-block-image size-large\"><img loading=\"lazy\" decoding=\"async\" width=\"1024\" height=\"768\" data-id=\"1703\" src=\"https:\/\/ucentral.org\/informativo\/wp-content\/uploads\/2025\/01\/GrupoNova01-1024x768.jpg\" alt=\"\" class=\"wp-image-1703\" srcset=\"https:\/\/ucentral.org\/informativo\/wp-content\/uploads\/2025\/01\/GrupoNova01-1024x768.jpg 1024w, https:\/\/ucentral.org\/informativo\/wp-content\/uploads\/2025\/01\/GrupoNova01-300x225.jpg 300w, https:\/\/ucentral.org\/informativo\/wp-content\/uploads\/2025\/01\/GrupoNova01-768x576.jpg 768w, https:\/\/ucentral.org\/informativo\/wp-content\/uploads\/2025\/01\/GrupoNova01-1536x1152.jpg 1536w, https:\/\/ucentral.org\/informativo\/wp-content\/uploads\/2025\/01\/GrupoNova01-136x102.jpg 136w, https:\/\/ucentral.org\/informativo\/wp-content\/uploads\/2025\/01\/GrupoNova01.jpg 1600w\" sizes=\"auto, (max-width: 1024px) 100vw, 1024px\" \/><\/figure>\n<\/figure>\n\n\n\n<figure class=\"wp-block-gallery has-nested-images columns-default is-cropped wp-block-gallery-2 is-layout-flex wp-block-gallery-is-layout-flex\">\n<figure class=\"wp-block-image size-large\"><img loading=\"lazy\" decoding=\"async\" width=\"1024\" height=\"461\" data-id=\"1729\" src=\"https:\/\/ucentral.org\/informativo\/wp-content\/uploads\/2025\/02\/GrupoNova08-1024x461.jpg\" alt=\"\" class=\"wp-image-1729\" srcset=\"https:\/\/ucentral.org\/informativo\/wp-content\/uploads\/2025\/02\/GrupoNova08-1024x461.jpg 1024w, https:\/\/ucentral.org\/informativo\/wp-content\/uploads\/2025\/02\/GrupoNova08-300x135.jpg 300w, https:\/\/ucentral.org\/informativo\/wp-content\/uploads\/2025\/02\/GrupoNova08-768x346.jpg 768w, https:\/\/ucentral.org\/informativo\/wp-content\/uploads\/2025\/02\/GrupoNova08-1536x691.jpg 1536w, https:\/\/ucentral.org\/informativo\/wp-content\/uploads\/2025\/02\/GrupoNova08.jpg 1600w\" sizes=\"auto, (max-width: 1024px) 100vw, 1024px\" \/><\/figure>\n\n\n\n<figure class=\"wp-block-image size-large\"><img loading=\"lazy\" decoding=\"async\" width=\"1024\" height=\"461\" data-id=\"1730\" src=\"https:\/\/ucentral.org\/informativo\/wp-content\/uploads\/2025\/02\/GrupoNova09-1024x461.jpg\" alt=\"\" class=\"wp-image-1730\" srcset=\"https:\/\/ucentral.org\/informativo\/wp-content\/uploads\/2025\/02\/GrupoNova09-1024x461.jpg 1024w, https:\/\/ucentral.org\/informativo\/wp-content\/uploads\/2025\/02\/GrupoNova09-300x135.jpg 300w, https:\/\/ucentral.org\/informativo\/wp-content\/uploads\/2025\/02\/GrupoNova09-768x346.jpg 768w, https:\/\/ucentral.org\/informativo\/wp-content\/uploads\/2025\/02\/GrupoNova09-1536x691.jpg 1536w, https:\/\/ucentral.org\/informativo\/wp-content\/uploads\/2025\/02\/GrupoNova09.jpg 1600w\" sizes=\"auto, (max-width: 1024px) 100vw, 1024px\" \/><\/figure>\n<\/figure>\n","protected":false},"excerpt":{"rendered":"<p>El Grupo Nova, liderado por Xavier Hervas, junto con Franz Del Pozo -Decano de la Facultad de Ciencias y Juan Borja -Decano de la Facultad de Ciencias Agr\u00edcolas de la Universidad Central del Ecuador (UCE), contin\u00faan estrechando lazos entre la empresa privada y la academia. El recorrido por los campus CADET | CADER en conjunto [&hellip;]<\/p>\n","protected":false},"author":2,"featured_media":1702,"comment_status":"closed","ping_status":"closed","sticky":false,"template":"","format":"standard","meta":{"footnotes":""},"categories":[197,6],"tags":[344,149,327],"class_list":["post-1701","post","type-post","status-publish","format-standard","has-post-thumbnail","hentry","category-gestion","category-noticias","tag-ciencias-agricolas","tag-facultad-de-ciencias","tag-grupo-nova"],"_links":{"self":[{"href":"https:\/\/ucentral.org\/informativo\/index.php\/wp-json\/wp\/v2\/posts\/1701","targetHints":{"allow":["GET"]}}],"collection":[{"href":"https:\/\/ucentral.org\/informativo\/index.php\/wp-json\/wp\/v2\/posts"}],"about":[{"href":"https:\/\/ucentral.org\/informativo\/index.php\/wp-json\/wp\/v2\/types\/post"}],"author":[{"embeddable":true,"href":"https:\/\/ucentral.org\/informativo\/index.php\/wp-json\/wp\/v2\/users\/2"}],"replies":[{"embeddable":true,"href":"https:\/\/ucentral.org\/informativo\/index.php\/wp-json\/wp\/v2\/comments?post=1701"}],"version-history":[{"count":4,"href":"https:\/\/ucentral.org\/informativo\/index.php\/wp-json\/wp\/v2\/posts\/1701\/revisions"}],"predecessor-version":[{"id":1733,"href":"https:\/\/ucentral.org\/informativo\/index.php\/wp-json\/wp\/v2\/posts\/1701\/revisions\/1733"}],"wp:featuredmedia":[{"embeddable":true,"href":"https:\/\/ucentral.org\/informativo\/index.php\/wp-json\/wp\/v2\/media\/1702"}],"wp:attachment":[{"href":"https:\/\/ucentral.org\/informativo\/index.php\/wp-json\/wp\/v2\/media?parent=1701"}],"wp:term":[{"taxonomy":"category","embeddable":true,"href":"https:\/\/ucentral.org\/informativo\/index.php\/wp-json\/wp\/v2\/categories?post=1701"},{"taxonomy":"post_tag","embeddable":true,"href":"https:\/\/ucentral.org\/informativo\/index.php\/wp-json\/wp\/v2\/tags?post=1701"}],"curies":[{"name":"wp","href":"https:\/\/api.w.org\/{rel}","templated":true}]}}