{"id":1722,"date":"2025-02-07T08:26:05","date_gmt":"2025-02-07T13:26:05","guid":{"rendered":"https:\/\/ucentral.org\/informativo\/?p=1722"},"modified":"2025-02-07T08:26:05","modified_gmt":"2025-02-07T13:26:05","slug":"autoridades-de-la-uce-y-la-facultad-de-ciencias-impulsaran-proyectos-de-energias-renovables","status":"publish","type":"post","link":"https:\/\/ucentral.org\/informativo\/index.php\/2025\/02\/07\/autoridades-de-la-uce-y-la-facultad-de-ciencias-impulsaran-proyectos-de-energias-renovables\/","title":{"rendered":"Autoridades de la UCE y la Facultad de Ciencias impulsar\u00e1n proyectos de energ\u00edas renovables"},"content":{"rendered":"\n<p>La Facultad de Ciencias de la Universidad Central del Ecuador (UCE), en conjunto con las autoridades universitarias, impulsar\u00e1n el desarrollo de proyectos de investigaci\u00f3n, innovaci\u00f3n y desarrollo enfocados en mejorar la eficiencia y aprovechar fuentes de energ\u00edas renovables, con especial \u00e9nfasis en la energ\u00eda fotovoltaica. A trav\u00e9s de una sinergia con la empresa privada, se prev\u00e9 iniciar en el mediano plazo la implementaci\u00f3n de paneles solares para evaluar y optimizar su capacidad de generaci\u00f3n, contribuyendo as\u00ed al desarrollo sostenible y la reducci\u00f3n de la huella de carbono en el campus universitario.<\/p>\n\n\n\n<figure class=\"wp-block-gallery has-nested-images columns-default is-cropped wp-block-gallery-1 is-layout-flex wp-block-gallery-is-layout-flex\">\n<figure class=\"wp-block-image size-large\"><img loading=\"lazy\" decoding=\"async\" width=\"1024\" height=\"709\" data-id=\"1725\" src=\"https:\/\/ucentral.org\/informativo\/wp-content\/uploads\/2025\/02\/DDA_CE02-1024x709.jpg\" alt=\"\" class=\"wp-image-1725\" srcset=\"https:\/\/ucentral.org\/informativo\/wp-content\/uploads\/2025\/02\/DDA_CE02-1024x709.jpg 1024w, https:\/\/ucentral.org\/informativo\/wp-content\/uploads\/2025\/02\/DDA_CE02-300x208.jpg 300w, https:\/\/ucentral.org\/informativo\/wp-content\/uploads\/2025\/02\/DDA_CE02-768x532.jpg 768w, https:\/\/ucentral.org\/informativo\/wp-content\/uploads\/2025\/02\/DDA_CE02.jpg 1080w\" sizes=\"auto, (max-width: 1024px) 100vw, 1024px\" \/><\/figure>\n\n\n\n<figure class=\"wp-block-image size-large\"><img loading=\"lazy\" decoding=\"async\" width=\"1024\" height=\"683\" data-id=\"1724\" src=\"https:\/\/ucentral.org\/informativo\/wp-content\/uploads\/2025\/02\/DDA_CE01-1024x683.jpg\" alt=\"\" class=\"wp-image-1724\" srcset=\"https:\/\/ucentral.org\/informativo\/wp-content\/uploads\/2025\/02\/DDA_CE01-1024x683.jpg 1024w, https:\/\/ucentral.org\/informativo\/wp-content\/uploads\/2025\/02\/DDA_CE01-300x200.jpg 300w, https:\/\/ucentral.org\/informativo\/wp-content\/uploads\/2025\/02\/DDA_CE01-768x512.jpg 768w, https:\/\/ucentral.org\/informativo\/wp-content\/uploads\/2025\/02\/DDA_CE01.jpg 1080w\" sizes=\"auto, (max-width: 1024px) 100vw, 1024px\" \/><\/figure>\n<\/figure>\n","protected":false},"excerpt":{"rendered":"<p>La Facultad de Ciencias de la Universidad Central del Ecuador (UCE), en conjunto con las autoridades universitarias, impulsar\u00e1n el desarrollo de proyectos de investigaci\u00f3n, innovaci\u00f3n y desarrollo enfocados en mejorar la eficiencia y aprovechar fuentes de energ\u00edas renovables, con especial \u00e9nfasis en la energ\u00eda fotovoltaica. A trav\u00e9s de una sinergia con la empresa privada, se [&hellip;]<\/p>\n","protected":false},"author":2,"featured_media":1723,"comment_status":"closed","ping_status":"closed","sticky":false,"template":"","format":"standard","meta":{"footnotes":""},"categories":[164,6],"tags":[347],"class_list":["post-1722","post","type-post","status-publish","format-standard","has-post-thumbnail","hentry","category-eventos","category-noticias","tag-energia-2"],"_links":{"self":[{"href":"https:\/\/ucentral.org\/informativo\/index.php\/wp-json\/wp\/v2\/posts\/1722","targetHints":{"allow":["GET"]}}],"collection":[{"href":"https:\/\/ucentral.org\/informativo\/index.php\/wp-json\/wp\/v2\/posts"}],"about":[{"href":"https:\/\/ucentral.org\/informativo\/index.php\/wp-json\/wp\/v2\/types\/post"}],"author":[{"embeddable":true,"href":"https:\/\/ucentral.org\/informativo\/index.php\/wp-json\/wp\/v2\/users\/2"}],"replies":[{"embeddable":true,"href":"https:\/\/ucentral.org\/informativo\/index.php\/wp-json\/wp\/v2\/comments?post=1722"}],"version-history":[{"count":1,"href":"https:\/\/ucentral.org\/informativo\/index.php\/wp-json\/wp\/v2\/posts\/1722\/revisions"}],"predecessor-version":[{"id":1726,"href":"https:\/\/ucentral.org\/informativo\/index.php\/wp-json\/wp\/v2\/posts\/1722\/revisions\/1726"}],"wp:featuredmedia":[{"embeddable":true,"href":"https:\/\/ucentral.org\/informativo\/index.php\/wp-json\/wp\/v2\/media\/1723"}],"wp:attachment":[{"href":"https:\/\/ucentral.org\/informativo\/index.php\/wp-json\/wp\/v2\/media?parent=1722"}],"wp:term":[{"taxonomy":"category","embeddable":true,"href":"https:\/\/ucentral.org\/informativo\/index.php\/wp-json\/wp\/v2\/categories?post=1722"},{"taxonomy":"post_tag","embeddable":true,"href":"https:\/\/ucentral.org\/informativo\/index.php\/wp-json\/wp\/v2\/tags?post=1722"}],"curies":[{"name":"wp","href":"https:\/\/api.w.org\/{rel}","templated":true}]}}