{"id":1742,"date":"2025-02-14T10:27:55","date_gmt":"2025-02-14T15:27:55","guid":{"rendered":"https:\/\/ucentral.org\/informativo\/?p=1742"},"modified":"2025-02-14T10:27:56","modified_gmt":"2025-02-14T15:27:56","slug":"facultad-de-ciencias-agricolas-y-facultad-de-ciencias-aportando-a-la-investigacion-e-innovacion-en-colaboracion-con-la-empresa-basf","status":"publish","type":"post","link":"https:\/\/ucentral.org\/informativo\/index.php\/2025\/02\/14\/facultad-de-ciencias-agricolas-y-facultad-de-ciencias-aportando-a-la-investigacion-e-innovacion-en-colaboracion-con-la-empresa-basf\/","title":{"rendered":"Facultad de Ciencias Agr\u00edcolas y Facultad de Ciencias aportando a la investigaci\u00f3n e innovaci\u00f3n en colaboraci\u00f3n con la empresa BASF"},"content":{"rendered":"\n<p>URL de la publicaci\u00f3n: <a href=\"https:\/\/www.facebook.com\/share\/p\/12Gk5QUzTpL\/\">https:\/\/www.facebook.com\/share\/p\/12Gk5QUzTpL\/<\/a><\/p>\n","protected":false},"excerpt":{"rendered":"<p>URL de la publicaci\u00f3n: https:\/\/www.facebook.com\/share\/p\/12Gk5QUzTpL\/<\/p>\n","protected":false},"author":2,"featured_media":1743,"comment_status":"closed","ping_status":"closed","sticky":false,"template":"","format":"standard","meta":{"footnotes":""},"categories":[181,197,41,6],"tags":[350,149,351],"class_list":["post-1742","post","type-post","status-publish","format-standard","has-post-thumbnail","hentry","category-convenios","category-gestion","category-investigacion","category-noticias","tag-basf","tag-facultad-de-ciencias","tag-facultad-de-ciencias-agricolas"],"_links":{"self":[{"href":"https:\/\/ucentral.org\/informativo\/index.php\/wp-json\/wp\/v2\/posts\/1742","targetHints":{"allow":["GET"]}}],"collection":[{"href":"https:\/\/ucentral.org\/informativo\/index.php\/wp-json\/wp\/v2\/posts"}],"about":[{"href":"https:\/\/ucentral.org\/informativo\/index.php\/wp-json\/wp\/v2\/types\/post"}],"author":[{"embeddable":true,"href":"https:\/\/ucentral.org\/informativo\/index.php\/wp-json\/wp\/v2\/users\/2"}],"replies":[{"embeddable":true,"href":"https:\/\/ucentral.org\/informativo\/index.php\/wp-json\/wp\/v2\/comments?post=1742"}],"version-history":[{"count":1,"href":"https:\/\/ucentral.org\/informativo\/index.php\/wp-json\/wp\/v2\/posts\/1742\/revisions"}],"predecessor-version":[{"id":1744,"href":"https:\/\/ucentral.org\/informativo\/index.php\/wp-json\/wp\/v2\/posts\/1742\/revisions\/1744"}],"wp:featuredmedia":[{"embeddable":true,"href":"https:\/\/ucentral.org\/informativo\/index.php\/wp-json\/wp\/v2\/media\/1743"}],"wp:attachment":[{"href":"https:\/\/ucentral.org\/informativo\/index.php\/wp-json\/wp\/v2\/media?parent=1742"}],"wp:term":[{"taxonomy":"category","embeddable":true,"href":"https:\/\/ucentral.org\/informativo\/index.php\/wp-json\/wp\/v2\/categories?post=1742"},{"taxonomy":"post_tag","embeddable":true,"href":"https:\/\/ucentral.org\/informativo\/index.php\/wp-json\/wp\/v2\/tags?post=1742"}],"curies":[{"name":"wp","href":"https:\/\/api.w.org\/{rel}","templated":true}]}}