{"id":1798,"date":"2025-03-18T23:29:52","date_gmt":"2025-03-19T04:29:52","guid":{"rendered":"https:\/\/ucentral.org\/informativo\/?p=1798"},"modified":"2025-03-18T23:31:18","modified_gmt":"2025-03-19T04:31:18","slug":"feliz-aniversario-199-anos-universidad-central-del-ecuador","status":"publish","type":"post","link":"https:\/\/ucentral.org\/informativo\/index.php\/2025\/03\/18\/feliz-aniversario-199-anos-universidad-central-del-ecuador\/","title":{"rendered":"\u00a1Feliz Aniversario! 199 a\u00f1os Universidad Central del Ecuador"},"content":{"rendered":"\n<p>Hoy 18 de marzo conmemoramos los 199 a\u00f1os de fundaci\u00f3n republicana de nuestra gloriosa Universidad Central del Ecuador.<br>La Facultad de Ciencias y sus carreras de Matem\u00e1tica y Ciencia de Datos e Inteligencia Artificial celebran el legado de conocimiento y sabidur\u00eda que ha forjado nuestra instituci\u00f3n en el pa\u00eds.<br>&#8220;Toda poderosa es la sabidur\u00eda&#8221;, frase que nos gu\u00eda y nos inspira a seguir avanzando en la b\u00fasqueda del conocimiento.<br>Seguiremos formando los mejores profesionales que contribuyan al bienestar y desarrollo de nuestro pa\u00eds y de la sociedad.<\/p>\n\n\n\n<figure class=\"wp-block-gallery has-nested-images columns-default is-cropped wp-block-gallery-1 is-layout-flex wp-block-gallery-is-layout-flex\">\n<figure class=\"wp-block-image size-large\"><img loading=\"lazy\" decoding=\"async\" width=\"1024\" height=\"606\" data-id=\"1800\" src=\"https:\/\/ucentral.org\/informativo\/wp-content\/uploads\/2025\/03\/sesionSolemneUCE2025-00-1024x606.jpg\" alt=\"\" class=\"wp-image-1800\" srcset=\"https:\/\/ucentral.org\/informativo\/wp-content\/uploads\/2025\/03\/sesionSolemneUCE2025-00-1024x606.jpg 1024w, https:\/\/ucentral.org\/informativo\/wp-content\/uploads\/2025\/03\/sesionSolemneUCE2025-00-300x178.jpg 300w, https:\/\/ucentral.org\/informativo\/wp-content\/uploads\/2025\/03\/sesionSolemneUCE2025-00-768x455.jpg 768w, https:\/\/ucentral.org\/informativo\/wp-content\/uploads\/2025\/03\/sesionSolemneUCE2025-00.jpg 1410w\" sizes=\"auto, (max-width: 1024px) 100vw, 1024px\" \/><\/figure>\n<\/figure>\n\n\n\n<figure class=\"wp-block-gallery has-nested-images columns-default is-cropped wp-block-gallery-2 is-layout-flex wp-block-gallery-is-layout-flex\">\n<figure class=\"wp-block-image size-large\"><img loading=\"lazy\" decoding=\"async\" width=\"1024\" height=\"683\" data-id=\"1801\" src=\"https:\/\/ucentral.org\/informativo\/wp-content\/uploads\/2025\/03\/sesionSolemneUCE2025-05-1024x683.jpg\" alt=\"\" class=\"wp-image-1801\" srcset=\"https:\/\/ucentral.org\/informativo\/wp-content\/uploads\/2025\/03\/sesionSolemneUCE2025-05-1024x683.jpg 1024w, https:\/\/ucentral.org\/informativo\/wp-content\/uploads\/2025\/03\/sesionSolemneUCE2025-05-300x200.jpg 300w, https:\/\/ucentral.org\/informativo\/wp-content\/uploads\/2025\/03\/sesionSolemneUCE2025-05-768x512.jpg 768w, https:\/\/ucentral.org\/informativo\/wp-content\/uploads\/2025\/03\/sesionSolemneUCE2025-05.jpg 1080w\" sizes=\"auto, (max-width: 1024px) 100vw, 1024px\" \/><\/figure>\n\n\n\n<figure class=\"wp-block-image size-large\"><img loading=\"lazy\" decoding=\"async\" width=\"1024\" height=\"568\" data-id=\"1802\" src=\"https:\/\/ucentral.org\/informativo\/wp-content\/uploads\/2025\/03\/sesionSolemneUCE2025-06-1024x568.jpg\" alt=\"\" class=\"wp-image-1802\" srcset=\"https:\/\/ucentral.org\/informativo\/wp-content\/uploads\/2025\/03\/sesionSolemneUCE2025-06-1024x568.jpg 1024w, https:\/\/ucentral.org\/informativo\/wp-content\/uploads\/2025\/03\/sesionSolemneUCE2025-06-300x166.jpg 300w, https:\/\/ucentral.org\/informativo\/wp-content\/uploads\/2025\/03\/sesionSolemneUCE2025-06-768x426.jpg 768w, https:\/\/ucentral.org\/informativo\/wp-content\/uploads\/2025\/03\/sesionSolemneUCE2025-06.jpg 1080w\" sizes=\"auto, (max-width: 1024px) 100vw, 1024px\" \/><\/figure>\n<\/figure>\n\n\n\n<figure class=\"wp-block-image size-large\"><img loading=\"lazy\" decoding=\"async\" width=\"1024\" height=\"682\" src=\"https:\/\/ucentral.org\/informativo\/wp-content\/uploads\/2025\/03\/sesionSolemneUCE2025-01-1-1024x682.jpg\" alt=\"\" class=\"wp-image-1806\" srcset=\"https:\/\/ucentral.org\/informativo\/wp-content\/uploads\/2025\/03\/sesionSolemneUCE2025-01-1-1024x682.jpg 1024w, https:\/\/ucentral.org\/informativo\/wp-content\/uploads\/2025\/03\/sesionSolemneUCE2025-01-1-300x200.jpg 300w, https:\/\/ucentral.org\/informativo\/wp-content\/uploads\/2025\/03\/sesionSolemneUCE2025-01-1-768x511.jpg 768w, https:\/\/ucentral.org\/informativo\/wp-content\/uploads\/2025\/03\/sesionSolemneUCE2025-01-1.jpg 1280w\" sizes=\"auto, (max-width: 1024px) 100vw, 1024px\" \/><\/figure>\n","protected":false},"excerpt":{"rendered":"<p>Hoy 18 de marzo conmemoramos los 199 a\u00f1os de fundaci\u00f3n republicana de nuestra gloriosa Universidad Central del Ecuador.La Facultad de Ciencias y sus carreras de Matem\u00e1tica y Ciencia de Datos e Inteligencia Artificial celebran el legado de conocimiento y sabidur\u00eda que ha forjado nuestra instituci\u00f3n en el pa\u00eds.&#8220;Toda poderosa es la sabidur\u00eda&#8221;, frase que nos [&hellip;]<\/p>\n","protected":false},"author":2,"featured_media":1799,"comment_status":"closed","ping_status":"closed","sticky":false,"template":"","format":"standard","meta":{"footnotes":""},"categories":[164,6],"tags":[356,266],"class_list":["post-1798","post","type-post","status-publish","format-standard","has-post-thumbnail","hentry","category-eventos","category-noticias","tag-199-anos","tag-uce"],"_links":{"self":[{"href":"https:\/\/ucentral.org\/informativo\/index.php\/wp-json\/wp\/v2\/posts\/1798","targetHints":{"allow":["GET"]}}],"collection":[{"href":"https:\/\/ucentral.org\/informativo\/index.php\/wp-json\/wp\/v2\/posts"}],"about":[{"href":"https:\/\/ucentral.org\/informativo\/index.php\/wp-json\/wp\/v2\/types\/post"}],"author":[{"embeddable":true,"href":"https:\/\/ucentral.org\/informativo\/index.php\/wp-json\/wp\/v2\/users\/2"}],"replies":[{"embeddable":true,"href":"https:\/\/ucentral.org\/informativo\/index.php\/wp-json\/wp\/v2\/comments?post=1798"}],"version-history":[{"count":2,"href":"https:\/\/ucentral.org\/informativo\/index.php\/wp-json\/wp\/v2\/posts\/1798\/revisions"}],"predecessor-version":[{"id":1807,"href":"https:\/\/ucentral.org\/informativo\/index.php\/wp-json\/wp\/v2\/posts\/1798\/revisions\/1807"}],"wp:featuredmedia":[{"embeddable":true,"href":"https:\/\/ucentral.org\/informativo\/index.php\/wp-json\/wp\/v2\/media\/1799"}],"wp:attachment":[{"href":"https:\/\/ucentral.org\/informativo\/index.php\/wp-json\/wp\/v2\/media?parent=1798"}],"wp:term":[{"taxonomy":"category","embeddable":true,"href":"https:\/\/ucentral.org\/informativo\/index.php\/wp-json\/wp\/v2\/categories?post=1798"},{"taxonomy":"post_tag","embeddable":true,"href":"https:\/\/ucentral.org\/informativo\/index.php\/wp-json\/wp\/v2\/tags?post=1798"}],"curies":[{"name":"wp","href":"https:\/\/api.w.org\/{rel}","templated":true}]}}