{"id":1811,"date":"2025-09-04T21:21:26","date_gmt":"2025-09-05T02:21:26","guid":{"rendered":"https:\/\/ucentral.org\/informativo\/?p=1811"},"modified":"2025-09-05T12:50:26","modified_gmt":"2025-09-05T17:50:26","slug":"mmpa","status":"publish","type":"post","link":"https:\/\/ucentral.org\/informativo\/index.php\/2025\/09\/04\/mmpa\/","title":{"rendered":"Maestr\u00eda en Matem\u00e1ticas Puras y Aplicadas (Semipresencial)"},"content":{"rendered":"\n<p>La Maestr\u00eda en Matem\u00e1ticas Puras y Aplicadas ofrece formaci\u00f3n rigurosa en teor\u00eda y aplicaciones matem\u00e1ticas, abarcando \u00e1reas como an\u00e1lisis, \u00e1lgebra, geometr\u00eda y m\u00e9todos num\u00e9ricos. Con un enfoque en la investigaci\u00f3n y la resoluci\u00f3n de problemas complejos, permite desarrollar modelos matem\u00e1ticos con impacto en diversas \u00e1reas cient\u00edficas, tecnol\u00f3gicas e industriales. Su enfoque interdisciplinario prepara a los egresados para carreras en investigaci\u00f3n, industria y tecnolog\u00eda, fomentando soluciones innovadoras y el avance matem\u00e1tico.<\/p>\n\n\n\n<p><strong>M\u00e1s informaci\u00f3n:<\/strong> +593 95 874 6450<\/p>\n\n\n\n<p><strong>Formulario de inscripci\u00f3n: <\/strong><a href=\"https:\/\/docs.google.com\/forms\/d\/e\/1FAIpQLSez1quKWdcfCY7JNN8EFBF7Kvg-slEeX6MxxqTC2cgcJY5_FQ\/viewform?usp=header\" target=\"_blank\" rel=\"noreferrer noopener\">Clic aqu\u00ed para inscribirte<\/a><\/p>\n\n\n\n<p><strong>Web de la maestr\u00eda:<\/strong> <a href=\"https:\/\/ucentral.org\/informativo\/index.php\/posgrados\/mmpa\/\" target=\"_blank\" rel=\"noreferrer noopener\">Clic aqu\u00ed<\/a><\/p>\n\n\n\n<p><\/p>\n","protected":false},"excerpt":{"rendered":"<p>La Maestr\u00eda en Matem\u00e1ticas Puras y Aplicadas ofrece formaci\u00f3n rigurosa en teor\u00eda y aplicaciones matem\u00e1ticas, abarcando \u00e1reas como an\u00e1lisis, \u00e1lgebra, geometr\u00eda y m\u00e9todos num\u00e9ricos. Con un enfoque en la investigaci\u00f3n y la resoluci\u00f3n de problemas complejos, permite desarrollar modelos matem\u00e1ticos con impacto en diversas \u00e1reas cient\u00edficas, tecnol\u00f3gicas e industriales. Su enfoque interdisciplinario prepara a los [&hellip;]<\/p>\n","protected":false},"author":2,"featured_media":2327,"comment_status":"closed","ping_status":"closed","sticky":false,"template":"","format":"standard","meta":{"footnotes":""},"categories":[213,6,332],"tags":[333,168],"class_list":["post-1811","post","type-post","status-publish","format-standard","has-post-thumbnail","hentry","category-convocatoria","category-noticias","category-posgrados","tag-maestria","tag-matematica-2"],"_links":{"self":[{"href":"https:\/\/ucentral.org\/informativo\/index.php\/wp-json\/wp\/v2\/posts\/1811","targetHints":{"allow":["GET"]}}],"collection":[{"href":"https:\/\/ucentral.org\/informativo\/index.php\/wp-json\/wp\/v2\/posts"}],"about":[{"href":"https:\/\/ucentral.org\/informativo\/index.php\/wp-json\/wp\/v2\/types\/post"}],"author":[{"embeddable":true,"href":"https:\/\/ucentral.org\/informativo\/index.php\/wp-json\/wp\/v2\/users\/2"}],"replies":[{"embeddable":true,"href":"https:\/\/ucentral.org\/informativo\/index.php\/wp-json\/wp\/v2\/comments?post=1811"}],"version-history":[{"count":4,"href":"https:\/\/ucentral.org\/informativo\/index.php\/wp-json\/wp\/v2\/posts\/1811\/revisions"}],"predecessor-version":[{"id":2321,"href":"https:\/\/ucentral.org\/informativo\/index.php\/wp-json\/wp\/v2\/posts\/1811\/revisions\/2321"}],"wp:featuredmedia":[{"embeddable":true,"href":"https:\/\/ucentral.org\/informativo\/index.php\/wp-json\/wp\/v2\/media\/2327"}],"wp:attachment":[{"href":"https:\/\/ucentral.org\/informativo\/index.php\/wp-json\/wp\/v2\/media?parent=1811"}],"wp:term":[{"taxonomy":"category","embeddable":true,"href":"https:\/\/ucentral.org\/informativo\/index.php\/wp-json\/wp\/v2\/categories?post=1811"},{"taxonomy":"post_tag","embeddable":true,"href":"https:\/\/ucentral.org\/informativo\/index.php\/wp-json\/wp\/v2\/tags?post=1811"}],"curies":[{"name":"wp","href":"https:\/\/api.w.org\/{rel}","templated":true}]}}