{"id":1820,"date":"2025-03-19T22:43:51","date_gmt":"2025-03-20T03:43:51","guid":{"rendered":"https:\/\/ucentral.org\/informativo\/?p=1820"},"modified":"2025-03-19T22:43:52","modified_gmt":"2025-03-20T03:43:52","slug":"convocatoria-a-docentes-collaborative-online-international-learning-coil-clases-espejo","status":"publish","type":"post","link":"https:\/\/ucentral.org\/informativo\/index.php\/2025\/03\/19\/convocatoria-a-docentes-collaborative-online-international-learning-coil-clases-espejo\/","title":{"rendered":"Convocatoria a Docentes: Collaborative Online International Learning (COIL &#8211; Clases Espejo)"},"content":{"rendered":"\n<p>Invitamos cordialmente a los docentes interesados en formar parte de esta iniciativa a manifestar su inter\u00e9s, con el fin de coordinar acciones y brindar el acompa\u00f1amiento necesario. Para ello, solicitamos completar la informaci\u00f3n requerida a trav\u00e9s del siguiente link:<\/p>\n\n\n\n<p><a href=\"https:\/\/forms.office.com\/Pages\/ResponsePage.aspx?id=Ky6ljCAddEKaE7127MuB0SI6Z_oqqw5Atqn25T-7fNFUM09DRElWUE9EQjRaSVFBVDZMNDM1WVVXRy4u\" target=\"_blank\" rel=\"noreferrer noopener\">Clic aqu\u00ed<\/a><\/p>\n","protected":false},"excerpt":{"rendered":"<p>Invitamos cordialmente a los docentes interesados en formar parte de esta iniciativa a manifestar su inter\u00e9s, con el fin de coordinar acciones y brindar el acompa\u00f1amiento necesario. Para ello, solicitamos completar la informaci\u00f3n requerida a trav\u00e9s del siguiente link: Clic aqu\u00ed<\/p>\n","protected":false},"author":2,"featured_media":1821,"comment_status":"closed","ping_status":"closed","sticky":false,"template":"","format":"standard","meta":{"footnotes":""},"categories":[213,6],"tags":[358,357],"class_list":["post-1820","post","type-post","status-publish","format-standard","has-post-thumbnail","hentry","category-convocatoria","category-noticias","tag-clases-espejo","tag-coil"],"_links":{"self":[{"href":"https:\/\/ucentral.org\/informativo\/index.php\/wp-json\/wp\/v2\/posts\/1820","targetHints":{"allow":["GET"]}}],"collection":[{"href":"https:\/\/ucentral.org\/informativo\/index.php\/wp-json\/wp\/v2\/posts"}],"about":[{"href":"https:\/\/ucentral.org\/informativo\/index.php\/wp-json\/wp\/v2\/types\/post"}],"author":[{"embeddable":true,"href":"https:\/\/ucentral.org\/informativo\/index.php\/wp-json\/wp\/v2\/users\/2"}],"replies":[{"embeddable":true,"href":"https:\/\/ucentral.org\/informativo\/index.php\/wp-json\/wp\/v2\/comments?post=1820"}],"version-history":[{"count":1,"href":"https:\/\/ucentral.org\/informativo\/index.php\/wp-json\/wp\/v2\/posts\/1820\/revisions"}],"predecessor-version":[{"id":1822,"href":"https:\/\/ucentral.org\/informativo\/index.php\/wp-json\/wp\/v2\/posts\/1820\/revisions\/1822"}],"wp:featuredmedia":[{"embeddable":true,"href":"https:\/\/ucentral.org\/informativo\/index.php\/wp-json\/wp\/v2\/media\/1821"}],"wp:attachment":[{"href":"https:\/\/ucentral.org\/informativo\/index.php\/wp-json\/wp\/v2\/media?parent=1820"}],"wp:term":[{"taxonomy":"category","embeddable":true,"href":"https:\/\/ucentral.org\/informativo\/index.php\/wp-json\/wp\/v2\/categories?post=1820"},{"taxonomy":"post_tag","embeddable":true,"href":"https:\/\/ucentral.org\/informativo\/index.php\/wp-json\/wp\/v2\/tags?post=1820"}],"curies":[{"name":"wp","href":"https:\/\/api.w.org\/{rel}","templated":true}]}}