{"id":1826,"date":"2025-04-01T10:38:16","date_gmt":"2025-04-01T15:38:16","guid":{"rendered":"https:\/\/ucentral.org\/informativo\/?p=1826"},"modified":"2025-04-01T10:38:17","modified_gmt":"2025-04-01T15:38:17","slug":"i-congreso-internacional-ciencia-central-2","status":"publish","type":"post","link":"https:\/\/ucentral.org\/informativo\/index.php\/2025\/04\/01\/i-congreso-internacional-ciencia-central-2\/","title":{"rendered":"I Congreso Internacional Ciencia Central"},"content":{"rendered":"\n<p>\u00a1La Universidad Central del Ecuador te invita al I Congreso Internacional Ciencia Central!<\/p>\n\n\n\n<p>Forma parte de este espacio de di\u00e1logo y aprendizaje, donde <a><\/a>investigadores, docentes y expertos compartir\u00e1n conocimientos en diversas \u00e1reas del saber. <img loading=\"lazy\" decoding=\"async\" height=\"16\" width=\"16\" alt=\"\ud83d\udcda\" src=\"https:\/\/static.xx.fbcdn.net\/images\/emoji.php\/v9\/t49\/1\/16\/1f4da.png\"><\/p>\n\n\n\n<p><img loading=\"lazy\" decoding=\"async\" height=\"16\" width=\"16\" alt=\"\ud83d\udcc5\" src=\"https:\/\/static.xx.fbcdn.net\/images\/emoji.php\/v9\/t7e\/1\/16\/1f4c5.png\"> Fecha: 23 al 25 de abril de 2025<\/p>\n\n\n\n<p><img loading=\"lazy\" decoding=\"async\" height=\"16\" width=\"16\" alt=\"\ud83d\udccd\" src=\"https:\/\/static.xx.fbcdn.net\/images\/emoji.php\/v9\/t2d\/1\/16\/1f4cd.png\"> Modalidad: H\u00edbrida (presencial y virtual)<\/p>\n\n\n\n<p><img loading=\"lazy\" decoding=\"async\" height=\"16\" width=\"16\" alt=\"\ud83c\udfa4\" src=\"https:\/\/static.xx.fbcdn.net\/images\/emoji.php\/v9\/t7e\/1\/16\/1f3a4.png\"> Modalidades de exposici\u00f3n: Conferencias magistrales, ponencias, conversatorios y presentaci\u00f3n de posters<\/p>\n\n\n\n<p>Este congreso es parte de la programaci\u00f3n rumbo al Bicentenario de la UCE, reafirmando nuestro compromiso con la educaci\u00f3n y la ciencia.<\/p>\n\n\n\n<p><img loading=\"lazy\" decoding=\"async\" height=\"16\" width=\"16\" alt=\"\ud83d\udd17\" src=\"https:\/\/static.xx.fbcdn.net\/images\/emoji.php\/v9\/tb3\/1\/16\/1f517.png\"> Inscripciones abiertas: <a href=\"https:\/\/forms.office.com\/r\/uvKV3isy7Z?fbclid=IwZXh0bgNhZW0CMTAAAR3i0WMirNOsgETuQ5jKZqQwPKR2_zYGJralC1WgKPdc67lZuisZktpZAz0_aem_I4j-tIggqAhe76rJZtrJKw\" rel=\"noreferrer noopener\" target=\"_blank\">https:\/\/forms.office.com\/r\/uvKV3isy7Z<\/a><\/p>\n\n\n\n<p><img loading=\"lazy\" decoding=\"async\" height=\"16\" width=\"16\" alt=\"\ud83c\udf0e\" src=\"https:\/\/static.xx.fbcdn.net\/images\/emoji.php\/v9\/tc0\/1\/16\/1f30e.png\"> M\u00e1s informaci\u00f3n en: <a href=\"https:\/\/dda.uce.edu.ec\/ciencia_central?fbclid=IwZXh0bgNhZW0CMTAAAR1U5VGPE7c-Y5psnye0biETnPKl7937Mu_6zeW1orxVZQqQkvMvyCxHvZs_aem_TP4x5iR3deLAMpcB5APpUg\" rel=\"noreferrer noopener\" target=\"_blank\">https:\/\/dda.uce.edu.ec\/ciencia_central<\/a><\/p>\n","protected":false},"excerpt":{"rendered":"<p>\u00a1La Universidad Central del Ecuador te invita al I Congreso Internacional Ciencia Central! Forma parte de este espacio de di\u00e1logo y aprendizaje, donde investigadores, docentes y expertos compartir\u00e1n conocimientos en diversas \u00e1reas del saber. Fecha: 23 al 25 de abril de 2025 Modalidad: H\u00edbrida (presencial y virtual) Modalidades de exposici\u00f3n: Conferencias magistrales, ponencias, conversatorios y [&hellip;]<\/p>\n","protected":false},"author":2,"featured_media":1827,"comment_status":"closed","ping_status":"closed","sticky":false,"template":"","format":"standard","meta":{"footnotes":""},"categories":[112,13,164,41,6,73],"tags":[161],"class_list":["post-1826","post","type-post","status-publish","format-standard","has-post-thumbnail","hentry","category-ciencia-central","category-cursos-seminarios","category-eventos","category-investigacion","category-noticias","category-webinar","tag-ciencia-central"],"_links":{"self":[{"href":"https:\/\/ucentral.org\/informativo\/index.php\/wp-json\/wp\/v2\/posts\/1826","targetHints":{"allow":["GET"]}}],"collection":[{"href":"https:\/\/ucentral.org\/informativo\/index.php\/wp-json\/wp\/v2\/posts"}],"about":[{"href":"https:\/\/ucentral.org\/informativo\/index.php\/wp-json\/wp\/v2\/types\/post"}],"author":[{"embeddable":true,"href":"https:\/\/ucentral.org\/informativo\/index.php\/wp-json\/wp\/v2\/users\/2"}],"replies":[{"embeddable":true,"href":"https:\/\/ucentral.org\/informativo\/index.php\/wp-json\/wp\/v2\/comments?post=1826"}],"version-history":[{"count":1,"href":"https:\/\/ucentral.org\/informativo\/index.php\/wp-json\/wp\/v2\/posts\/1826\/revisions"}],"predecessor-version":[{"id":1828,"href":"https:\/\/ucentral.org\/informativo\/index.php\/wp-json\/wp\/v2\/posts\/1826\/revisions\/1828"}],"wp:featuredmedia":[{"embeddable":true,"href":"https:\/\/ucentral.org\/informativo\/index.php\/wp-json\/wp\/v2\/media\/1827"}],"wp:attachment":[{"href":"https:\/\/ucentral.org\/informativo\/index.php\/wp-json\/wp\/v2\/media?parent=1826"}],"wp:term":[{"taxonomy":"category","embeddable":true,"href":"https:\/\/ucentral.org\/informativo\/index.php\/wp-json\/wp\/v2\/categories?post=1826"},{"taxonomy":"post_tag","embeddable":true,"href":"https:\/\/ucentral.org\/informativo\/index.php\/wp-json\/wp\/v2\/tags?post=1826"}],"curies":[{"name":"wp","href":"https:\/\/api.w.org\/{rel}","templated":true}]}}