{"id":1836,"date":"2025-04-09T16:03:44","date_gmt":"2025-04-09T21:03:44","guid":{"rendered":"https:\/\/ucentral.org\/informativo\/?p=1836"},"modified":"2025-04-09T22:56:48","modified_gmt":"2025-04-10T03:56:48","slug":"conmemorando-el-6to-aniversario-de-la-facultad-de-ciencias-de-la-universidad-central-del-ecuador","status":"publish","type":"post","link":"https:\/\/ucentral.org\/informativo\/index.php\/2025\/04\/09\/conmemorando-el-6to-aniversario-de-la-facultad-de-ciencias-de-la-universidad-central-del-ecuador\/","title":{"rendered":"Conmemorando el 6to Aniversario de la Facultad de Ciencias de la Universidad Central del Ecuador"},"content":{"rendered":"\n<p>En un d\u00eda lleno de orgullo y celebraci\u00f3n, la <strong>Universidad Central del Ecuador<\/strong> conmemor\u00f3 este <strong>9 de abril de 2025, el 6to aniversario de la creaci\u00f3n de la Facultad de Ciencias<\/strong>. Esta celebraci\u00f3n no solo marca el paso del tiempo, sino tambi\u00e9n el crecimiento y la consolidaci\u00f3n de una Facultad que se ha convertido en un pilar fundamental para el desarrollo de la ciencia y el conocimiento en nuestra instituci\u00f3n.<\/p>\n\n\n\n<p>La sesi\u00f3n solemne de conmemoraci\u00f3n cont\u00f3 con la distinguida presencia del Dr. Patricio Espinosa Del Pozo- Rector, Dra. Julieta Logro\u00f1o- Vicerrectora Acad\u00e9mica y de Posgrados, Dr. Walter Enr\u00edquez- Procurador, Franz Del Pozo- Decano de la Facultad de Ciencias, MSc. Iv\u00e1n Naula- Subdecano, Dr. Bayardo Campuzano- Director de Posgrados, Dr. Juan Pablo Cevallos- Representante Docente a Consejo Directivo, Dra. Grace Guerrero- Secretaria Abogada, Dr. Angel Orna- Secretario General, Decanos y Subdecanos de Facultades hermanas, Autoridades Universitarias, Directores Departamentales, Docentes, Representantes Estudiantiles, Estudiantes y Jubilados.<\/p>\n\n\n\n<p>Este encuentro no solo fue una oportunidad para celebrar los logros alcanzados, sino tambi\u00e9n para reconocer a los docentes que cumplieron m\u00e1s de 20 a\u00f1os de labores y a los compa\u00f1eros que se acogieron a la jubilaci\u00f3n. <\/p>\n\n\n\n<p>Los directivos Dr. Franklin Cabascango y Dra. Ruth P\u00e1ez de la Cooperativa de Ahorro y Cr\u00e9dito de Docentes Universitarios entregaron un reconocimiento a la Facultad de Ciencias por su aniversario de creaci\u00f3n. <\/p>\n\n\n\n<p>La participaci\u00f3n de toda la comunidad universitaria refleja el esp\u00edritu de unidad y colaboraci\u00f3n que nos caracteriza, y que es esencial para seguir avanzando hacia un futuro lleno de \u00e9xitos.<\/p>\n\n\n\n<p>La Facultad de Ciencias ha demostrado ser un motor de cambio y progreso dentro de la Universidad Central del Ecuador. Su enfoque en \u00e1reas estrat\u00e9gicas como la matem\u00e1tica, la f\u00edsica, la ciencia de datos, la inteligencia artificial y la rob\u00f3tica responde a las necesidades actuales del pa\u00eds y del mundo, preparando a nuestros estudiantes para enfrentar los desaf\u00edos del futuro con conocimientos s\u00f3lidos y habilidades innovadoras.<\/p>\n\n\n\n<p>En este 6to aniversario, celebramos no solo los logros pasados, sino tambi\u00e9n las promesas de futuro, adem\u00e1s, reafirmamos nuestro compromiso con la excelencia acad\u00e9mica y la innovaci\u00f3n. <\/p>\n\n\n\n<p>Juntos, como una gran familia, avanzamos hacia un futuro lleno de oportunidades y \u00e9xitos.<\/p>\n\n\n\n<p class=\"has-text-align-center has-vivid-cyan-blue-color has-text-color has-link-color has-large-font-size wp-elements-0e50b381bcadd3aade1111176d2f1b25\">\u00a1Feliz aniversario, Facultad de Ciencias! <\/p>\n\n\n\n<figure class=\"wp-block-image size-large\"><img loading=\"lazy\" decoding=\"async\" width=\"1024\" height=\"683\" src=\"https:\/\/ucentral.org\/informativo\/wp-content\/uploads\/2025\/04\/portada-aniversario-1024x683.png\" alt=\"\" class=\"wp-image-1841\" srcset=\"https:\/\/ucentral.org\/informativo\/wp-content\/uploads\/2025\/04\/portada-aniversario-1024x683.png 1024w, https:\/\/ucentral.org\/informativo\/wp-content\/uploads\/2025\/04\/portada-aniversario-300x200.png 300w, https:\/\/ucentral.org\/informativo\/wp-content\/uploads\/2025\/04\/portada-aniversario-768x512.png 768w, https:\/\/ucentral.org\/informativo\/wp-content\/uploads\/2025\/04\/portada-aniversario-1536x1024.png 1536w, https:\/\/ucentral.org\/informativo\/wp-content\/uploads\/2025\/04\/portada-aniversario.png 1800w\" sizes=\"auto, (max-width: 1024px) 100vw, 1024px\" \/><\/figure>\n\n\n\n<figure class=\"wp-block-gallery has-nested-images columns-default is-cropped wp-block-gallery-1 is-layout-flex wp-block-gallery-is-layout-flex\">\n<figure class=\"wp-block-image size-large\"><img loading=\"lazy\" decoding=\"async\" width=\"1024\" height=\"730\" data-id=\"1839\" src=\"https:\/\/ucentral.org\/informativo\/wp-content\/uploads\/2025\/04\/FCsolemne202502-1024x730.jpg\" alt=\"\" class=\"wp-image-1839\" srcset=\"https:\/\/ucentral.org\/informativo\/wp-content\/uploads\/2025\/04\/FCsolemne202502-1024x730.jpg 1024w, https:\/\/ucentral.org\/informativo\/wp-content\/uploads\/2025\/04\/FCsolemne202502-300x214.jpg 300w, https:\/\/ucentral.org\/informativo\/wp-content\/uploads\/2025\/04\/FCsolemne202502-768x548.jpg 768w, https:\/\/ucentral.org\/informativo\/wp-content\/uploads\/2025\/04\/FCsolemne202502-1536x1095.jpg 1536w, https:\/\/ucentral.org\/informativo\/wp-content\/uploads\/2025\/04\/FCsolemne202502.jpg 1600w\" sizes=\"auto, (max-width: 1024px) 100vw, 1024px\" \/><\/figure>\n\n\n\n<figure class=\"wp-block-image size-large\"><img loading=\"lazy\" decoding=\"async\" width=\"1024\" height=\"730\" data-id=\"1838\" src=\"https:\/\/ucentral.org\/informativo\/wp-content\/uploads\/2025\/04\/FCsolemne202503-1024x730.jpg\" alt=\"\" class=\"wp-image-1838\" srcset=\"https:\/\/ucentral.org\/informativo\/wp-content\/uploads\/2025\/04\/FCsolemne202503-1024x730.jpg 1024w, https:\/\/ucentral.org\/informativo\/wp-content\/uploads\/2025\/04\/FCsolemne202503-300x214.jpg 300w, https:\/\/ucentral.org\/informativo\/wp-content\/uploads\/2025\/04\/FCsolemne202503-768x548.jpg 768w, https:\/\/ucentral.org\/informativo\/wp-content\/uploads\/2025\/04\/FCsolemne202503-1536x1095.jpg 1536w, https:\/\/ucentral.org\/informativo\/wp-content\/uploads\/2025\/04\/FCsolemne202503.jpg 1600w\" sizes=\"auto, (max-width: 1024px) 100vw, 1024px\" \/><\/figure>\n\n\n\n<figure class=\"wp-block-image size-large\"><img loading=\"lazy\" decoding=\"async\" width=\"1024\" height=\"578\" data-id=\"1837\" src=\"https:\/\/ucentral.org\/informativo\/wp-content\/uploads\/2025\/04\/FCsolemne202504-1024x578.jpg\" alt=\"\" class=\"wp-image-1837\" srcset=\"https:\/\/ucentral.org\/informativo\/wp-content\/uploads\/2025\/04\/FCsolemne202504-1024x578.jpg 1024w, https:\/\/ucentral.org\/informativo\/wp-content\/uploads\/2025\/04\/FCsolemne202504-300x169.jpg 300w, https:\/\/ucentral.org\/informativo\/wp-content\/uploads\/2025\/04\/FCsolemne202504-768x433.jpg 768w, https:\/\/ucentral.org\/informativo\/wp-content\/uploads\/2025\/04\/FCsolemne202504-1536x867.jpg 1536w, https:\/\/ucentral.org\/informativo\/wp-content\/uploads\/2025\/04\/FCsolemne202504.jpg 1600w\" sizes=\"auto, (max-width: 1024px) 100vw, 1024px\" \/><\/figure>\n\n\n\n<figure class=\"wp-block-image size-large\"><img loading=\"lazy\" decoding=\"async\" width=\"1024\" height=\"578\" data-id=\"1840\" src=\"https:\/\/ucentral.org\/informativo\/wp-content\/uploads\/2025\/04\/FCsolemne202505-1024x578.jpg\" alt=\"\" class=\"wp-image-1840\" srcset=\"https:\/\/ucentral.org\/informativo\/wp-content\/uploads\/2025\/04\/FCsolemne202505-1024x578.jpg 1024w, https:\/\/ucentral.org\/informativo\/wp-content\/uploads\/2025\/04\/FCsolemne202505-300x169.jpg 300w, https:\/\/ucentral.org\/informativo\/wp-content\/uploads\/2025\/04\/FCsolemne202505-768x433.jpg 768w, https:\/\/ucentral.org\/informativo\/wp-content\/uploads\/2025\/04\/FCsolemne202505-1536x867.jpg 1536w, https:\/\/ucentral.org\/informativo\/wp-content\/uploads\/2025\/04\/FCsolemne202505.jpg 1600w\" sizes=\"auto, (max-width: 1024px) 100vw, 1024px\" \/><\/figure>\n<\/figure>\n","protected":false},"excerpt":{"rendered":"<p>En un d\u00eda lleno de orgullo y celebraci\u00f3n, la Universidad Central del Ecuador conmemor\u00f3 este 9 de abril de 2025, el 6to aniversario de la creaci\u00f3n de la Facultad de Ciencias. Esta celebraci\u00f3n no solo marca el paso del tiempo, sino tambi\u00e9n el crecimiento y la consolidaci\u00f3n de una Facultad que se ha convertido en [&hellip;]<\/p>\n","protected":false},"author":2,"featured_media":1842,"comment_status":"closed","ping_status":"closed","sticky":false,"template":"","format":"standard","meta":{"footnotes":""},"categories":[164,197,6],"tags":[286,149,363],"class_list":["post-1836","post","type-post","status-publish","format-standard","has-post-thumbnail","hentry","category-eventos","category-gestion","category-noticias","tag-286","tag-facultad-de-ciencias","tag-sesion-solemne"],"_links":{"self":[{"href":"https:\/\/ucentral.org\/informativo\/index.php\/wp-json\/wp\/v2\/posts\/1836","targetHints":{"allow":["GET"]}}],"collection":[{"href":"https:\/\/ucentral.org\/informativo\/index.php\/wp-json\/wp\/v2\/posts"}],"about":[{"href":"https:\/\/ucentral.org\/informativo\/index.php\/wp-json\/wp\/v2\/types\/post"}],"author":[{"embeddable":true,"href":"https:\/\/ucentral.org\/informativo\/index.php\/wp-json\/wp\/v2\/users\/2"}],"replies":[{"embeddable":true,"href":"https:\/\/ucentral.org\/informativo\/index.php\/wp-json\/wp\/v2\/comments?post=1836"}],"version-history":[{"count":3,"href":"https:\/\/ucentral.org\/informativo\/index.php\/wp-json\/wp\/v2\/posts\/1836\/revisions"}],"predecessor-version":[{"id":1846,"href":"https:\/\/ucentral.org\/informativo\/index.php\/wp-json\/wp\/v2\/posts\/1836\/revisions\/1846"}],"wp:featuredmedia":[{"embeddable":true,"href":"https:\/\/ucentral.org\/informativo\/index.php\/wp-json\/wp\/v2\/media\/1842"}],"wp:attachment":[{"href":"https:\/\/ucentral.org\/informativo\/index.php\/wp-json\/wp\/v2\/media?parent=1836"}],"wp:term":[{"taxonomy":"category","embeddable":true,"href":"https:\/\/ucentral.org\/informativo\/index.php\/wp-json\/wp\/v2\/categories?post=1836"},{"taxonomy":"post_tag","embeddable":true,"href":"https:\/\/ucentral.org\/informativo\/index.php\/wp-json\/wp\/v2\/tags?post=1836"}],"curies":[{"name":"wp","href":"https:\/\/api.w.org\/{rel}","templated":true}]}}