{"id":1847,"date":"2025-04-10T21:03:39","date_gmt":"2025-04-11T02:03:39","guid":{"rendered":"https:\/\/ucentral.org\/informativo\/?p=1847"},"modified":"2025-04-10T22:04:35","modified_gmt":"2025-04-11T03:04:35","slug":"inauguracion-del-centro-de-monitoreo-y-procesamiento-de-datos-agricolas-ucempda","status":"publish","type":"post","link":"https:\/\/ucentral.org\/informativo\/index.php\/2025\/04\/10\/inauguracion-del-centro-de-monitoreo-y-procesamiento-de-datos-agricolas-ucempda\/","title":{"rendered":"Inauguraci\u00f3n del Centro de Monitoreo y Procesamiento de Datos Agr\u00edcolas (UCEMPDA)"},"content":{"rendered":"\n<p>Hoy, 10 de abril de 2025, la <strong>Universidad Central del Ecuador<\/strong> aporta al futuro de la agricultura en nuestro pa\u00eds. Gracias a la colaboraci\u00f3n entre la <strong>Facultad de Ciencias<\/strong>, la <strong>Facultad de Ciencias Agr\u00edcolas<\/strong>, el <strong>Grupo Nova<\/strong>, y bajo el liderazgo de nuestro <strong>Rector<\/strong> y <strong>Vicerrectora Acad\u00e9mica y de Posgrados<\/strong>, hemos inaugurado el <strong>Centro de Monitoreo y Procesamiento de Datos Agr\u00edcolas (UCEMPDA)<\/strong>. <\/p>\n\n\n\n<p>Este centro es la primera fase del proyecto del Parque de Innovaci\u00f3n Acad\u00e9mica y Tecnol\u00f3gica en Energ\u00edas Limpias y Agricultura Inteligente (<strong>UCETech<\/strong>), ubicado en el campus La Morita de nuestra universidad.<\/p>\n\n\n\n<p>El <strong>UCEMPDA <\/strong>representa un avance significativo en nuestra capacidad para procesar y analizar datos meteorol\u00f3gicos y agr\u00edcolas, elementos cruciales para la toma de decisiones informadas en el manejo de cultivos. En un mundo donde la agricultura enfrenta desaf\u00edos crecientes debido al cambio clim\u00e1tico y la necesidad de alimentar a una poblaci\u00f3n en constante crecimiento, la capacidad de monitorear y analizar datos en tiempo real se convierte en una herramienta indispensable. Este centro no solo fortalecer\u00e1 nuestra investigaci\u00f3n y desarrollo, sino que tambi\u00e9n permitir\u00e1 trasladar tecnolog\u00edas innovadoras al agro ecuatoriano, beneficiando directamente a nuestros agricultores y al sector agr\u00edcola en general.<\/p>\n\n\n\n<p>En la inauguraci\u00f3n del UCEMPDA estuvieron presentes: Dra. Julieta Logro\u00f1o- Vicerrectora Acad\u00e9mica y de Posgrados, Franz Del Pozo- Decano de la Facultad de Ciencias, Dr. Juan Borja- Decano de la Facultad de Ciencias Agr\u00edcolas, MSc. Iv\u00e1n Naula- Subdecano Facultad de Ciencias, Ing. Xavier Hervas- Grupo Nova, Dr. Darwin Caina-Coordinador UCEMPDA, Dr. Jorge Espinosa- Coordinador UCEMPDA, Ing. Jonathan Vargas- T\u00e9cnico Grupo Nova, Abg. Grace Guerrero- Secretaria Abogada Facultad de Ciencias, Dra. Diana Ca\u00f1ar- Secretaria Abogada Facultad de Ciencias Agr\u00edcolas, docentes, estudiantes y trabajadores de ambas Facultades.<\/p>\n\n\n\n<p>Con la entrega de un reconocimiento al apoyo de Grupo Nova, se deja testimonio del compromiso de la Universidad Central del Ecuador en colaborar con la empresa privada para potenciar la innovaci\u00f3n y el progreso en el pa\u00eds. <\/p>\n\n\n\n<p>Este centro no solo servir\u00e1 como un n\u00facleo de conocimiento y desarrollo tecnol\u00f3gico, sino que tambi\u00e9n actuar\u00e1 como un puente entre la academia y el sector productivo, facilitando la transferencia de tecnolog\u00eda y conocimientos que impulsar\u00e1n la agricultura inteligente en el Ecuador.<\/p>\n\n\n\n<p>El <strong>UCEMPDA <\/strong>es solo el comienzo de lo que promete ser un viaje transformador hacia la agricultura inteligente y sostenible. Con este centro, estamos sentando las bases para que el Parque de Innovaci\u00f3n Acad\u00e9mica y Tecnol\u00f3gica en Energ\u00edas Limpias y Agricultura Inteligente (<strong>UCETech<\/strong>) se convierta en un referente nacional e internacional en la investigaci\u00f3n y desarrollo de tecnolog\u00edas agr\u00edcolas avanzadas.<\/p>\n\n\n\n<p class=\"has-text-align-center has-vivid-cyan-blue-color has-text-color has-link-color has-medium-font-size wp-elements-1c319cd0de999d01fd24fe402da1e910\"><strong>\u00a1Felicitaciones a todos los involucrados en este logro! Juntos, seguiremos trabajando para llevar la innovaci\u00f3n y el conocimiento al coraz\u00f3n del agro ecuatoriano, construyendo un futuro pr\u00f3spero y sostenible para todos.<\/strong><\/p>\n\n\n\n<figure class=\"wp-block-gallery has-nested-images columns-default is-cropped wp-block-gallery-1 is-layout-flex wp-block-gallery-is-layout-flex\">\n<figure class=\"wp-block-image size-large\"><img loading=\"lazy\" decoding=\"async\" width=\"1024\" height=\"559\" data-id=\"1851\" src=\"https:\/\/ucentral.org\/informativo\/wp-content\/uploads\/2025\/04\/ucempda20-1024x559.jpg\" alt=\"\" class=\"wp-image-1851\" srcset=\"https:\/\/ucentral.org\/informativo\/wp-content\/uploads\/2025\/04\/ucempda20-1024x559.jpg 1024w, https:\/\/ucentral.org\/informativo\/wp-content\/uploads\/2025\/04\/ucempda20-300x164.jpg 300w, https:\/\/ucentral.org\/informativo\/wp-content\/uploads\/2025\/04\/ucempda20-768x419.jpg 768w, https:\/\/ucentral.org\/informativo\/wp-content\/uploads\/2025\/04\/ucempda20.jpg 1200w\" sizes=\"auto, (max-width: 1024px) 100vw, 1024px\" \/><\/figure>\n\n\n\n<figure class=\"wp-block-image size-large\"><img loading=\"lazy\" decoding=\"async\" width=\"1024\" height=\"501\" data-id=\"1850\" src=\"https:\/\/ucentral.org\/informativo\/wp-content\/uploads\/2025\/04\/ucempda21-1024x501.jpg\" alt=\"\" class=\"wp-image-1850\" srcset=\"https:\/\/ucentral.org\/informativo\/wp-content\/uploads\/2025\/04\/ucempda21-1024x501.jpg 1024w, https:\/\/ucentral.org\/informativo\/wp-content\/uploads\/2025\/04\/ucempda21-300x147.jpg 300w, https:\/\/ucentral.org\/informativo\/wp-content\/uploads\/2025\/04\/ucempda21-768x376.jpg 768w, https:\/\/ucentral.org\/informativo\/wp-content\/uploads\/2025\/04\/ucempda21.jpg 1206w\" sizes=\"auto, (max-width: 1024px) 100vw, 1024px\" \/><\/figure>\n\n\n\n<figure class=\"wp-block-image size-large\"><img loading=\"lazy\" decoding=\"async\" width=\"708\" height=\"430\" data-id=\"1849\" src=\"https:\/\/ucentral.org\/informativo\/wp-content\/uploads\/2025\/04\/ucempda23.jpg\" alt=\"\" class=\"wp-image-1849\" srcset=\"https:\/\/ucentral.org\/informativo\/wp-content\/uploads\/2025\/04\/ucempda23.jpg 708w, https:\/\/ucentral.org\/informativo\/wp-content\/uploads\/2025\/04\/ucempda23-300x182.jpg 300w\" sizes=\"auto, (max-width: 708px) 100vw, 708px\" \/><\/figure>\n\n\n\n<figure class=\"wp-block-image size-large\"><img loading=\"lazy\" decoding=\"async\" width=\"814\" height=\"517\" data-id=\"1848\" src=\"https:\/\/ucentral.org\/informativo\/wp-content\/uploads\/2025\/04\/ucempda24.jpg\" alt=\"\" class=\"wp-image-1848\" srcset=\"https:\/\/ucentral.org\/informativo\/wp-content\/uploads\/2025\/04\/ucempda24.jpg 814w, https:\/\/ucentral.org\/informativo\/wp-content\/uploads\/2025\/04\/ucempda24-300x191.jpg 300w, https:\/\/ucentral.org\/informativo\/wp-content\/uploads\/2025\/04\/ucempda24-768x488.jpg 768w\" sizes=\"auto, (max-width: 814px) 100vw, 814px\" \/><\/figure>\n\n\n\n<figure class=\"wp-block-image size-large\"><img loading=\"lazy\" decoding=\"async\" width=\"810\" height=\"1024\" data-id=\"1852\" src=\"https:\/\/ucentral.org\/informativo\/wp-content\/uploads\/2025\/04\/ucempda25-810x1024.jpg\" alt=\"\" class=\"wp-image-1852\" srcset=\"https:\/\/ucentral.org\/informativo\/wp-content\/uploads\/2025\/04\/ucempda25-810x1024.jpg 810w, https:\/\/ucentral.org\/informativo\/wp-content\/uploads\/2025\/04\/ucempda25-237x300.jpg 237w, https:\/\/ucentral.org\/informativo\/wp-content\/uploads\/2025\/04\/ucempda25-768x971.jpg 768w, https:\/\/ucentral.org\/informativo\/wp-content\/uploads\/2025\/04\/ucempda25.jpg 1080w\" sizes=\"auto, (max-width: 810px) 100vw, 810px\" \/><\/figure>\n<\/figure>\n\n\n\n<figure class=\"wp-block-image size-full\"><img loading=\"lazy\" decoding=\"async\" width=\"814\" height=\"517\" src=\"https:\/\/ucentral.org\/informativo\/wp-content\/uploads\/2025\/04\/ucempda24.jpg\" alt=\"\" class=\"wp-image-1848\" srcset=\"https:\/\/ucentral.org\/informativo\/wp-content\/uploads\/2025\/04\/ucempda24.jpg 814w, https:\/\/ucentral.org\/informativo\/wp-content\/uploads\/2025\/04\/ucempda24-300x191.jpg 300w, https:\/\/ucentral.org\/informativo\/wp-content\/uploads\/2025\/04\/ucempda24-768x488.jpg 768w\" sizes=\"auto, (max-width: 814px) 100vw, 814px\" \/><\/figure>\n","protected":false},"excerpt":{"rendered":"<p>Hoy, 10 de abril de 2025, la Universidad Central del Ecuador aporta al futuro de la agricultura en nuestro pa\u00eds. Gracias a la colaboraci\u00f3n entre la Facultad de Ciencias, la Facultad de Ciencias Agr\u00edcolas, el Grupo Nova, y bajo el liderazgo de nuestro Rector y Vicerrectora Acad\u00e9mica y de Posgrados, hemos inaugurado el Centro de [&hellip;]<\/p>\n","protected":false},"author":2,"featured_media":1853,"comment_status":"closed","ping_status":"closed","sticky":false,"template":"","format":"standard","meta":{"footnotes":""},"categories":[112,164,197,41,6,280],"tags":[327,336,334],"class_list":["post-1847","post","type-post","status-publish","format-standard","has-post-thumbnail","hentry","category-ciencia-central","category-eventos","category-gestion","category-investigacion","category-noticias","category-vinculacion","tag-grupo-nova","tag-ucempda","tag-ucetech"],"_links":{"self":[{"href":"https:\/\/ucentral.org\/informativo\/index.php\/wp-json\/wp\/v2\/posts\/1847","targetHints":{"allow":["GET"]}}],"collection":[{"href":"https:\/\/ucentral.org\/informativo\/index.php\/wp-json\/wp\/v2\/posts"}],"about":[{"href":"https:\/\/ucentral.org\/informativo\/index.php\/wp-json\/wp\/v2\/types\/post"}],"author":[{"embeddable":true,"href":"https:\/\/ucentral.org\/informativo\/index.php\/wp-json\/wp\/v2\/users\/2"}],"replies":[{"embeddable":true,"href":"https:\/\/ucentral.org\/informativo\/index.php\/wp-json\/wp\/v2\/comments?post=1847"}],"version-history":[{"count":3,"href":"https:\/\/ucentral.org\/informativo\/index.php\/wp-json\/wp\/v2\/posts\/1847\/revisions"}],"predecessor-version":[{"id":1857,"href":"https:\/\/ucentral.org\/informativo\/index.php\/wp-json\/wp\/v2\/posts\/1847\/revisions\/1857"}],"wp:featuredmedia":[{"embeddable":true,"href":"https:\/\/ucentral.org\/informativo\/index.php\/wp-json\/wp\/v2\/media\/1853"}],"wp:attachment":[{"href":"https:\/\/ucentral.org\/informativo\/index.php\/wp-json\/wp\/v2\/media?parent=1847"}],"wp:term":[{"taxonomy":"category","embeddable":true,"href":"https:\/\/ucentral.org\/informativo\/index.php\/wp-json\/wp\/v2\/categories?post=1847"},{"taxonomy":"post_tag","embeddable":true,"href":"https:\/\/ucentral.org\/informativo\/index.php\/wp-json\/wp\/v2\/tags?post=1847"}],"curies":[{"name":"wp","href":"https:\/\/api.w.org\/{rel}","templated":true}]}}