{"id":1858,"date":"2025-04-23T18:46:22","date_gmt":"2025-04-23T23:46:22","guid":{"rendered":"https:\/\/ucentral.org\/informativo\/?p=1858"},"modified":"2025-04-24T01:00:28","modified_gmt":"2025-04-24T06:00:28","slug":"inauguracion-del-i-congreso-internacional-ciencia-central","status":"publish","type":"post","link":"https:\/\/ucentral.org\/informativo\/index.php\/2025\/04\/23\/inauguracion-del-i-congreso-internacional-ciencia-central\/","title":{"rendered":"Inauguraci\u00f3n del I Congreso Internacional Ciencia Central"},"content":{"rendered":"\n<p>Hoy 23 de abril, se inaugur\u00f3 el <strong>I Congreso Internacional Ciencia Central<\/strong>, un evento hist\u00f3rico organizado por la Universidad Central del Ecuador, que re\u00fane a investigadores, docentes, estudiantes y profesionales de todas las disciplinas en un espacio de intercambio de conocimiento, innovaci\u00f3n y colaboraci\u00f3n. Este Congreso, que se desarrolla en tres auditorios de la universidad, marca un hito en la historia de la instituci\u00f3n al integrar todas las \u00e1reas del conocimiento en un solo evento.<\/p>\n\n\n\n<figure class=\"wp-block-image size-large\"><img loading=\"lazy\" decoding=\"async\" width=\"1024\" height=\"578\" src=\"https:\/\/ucentral.org\/informativo\/wp-content\/uploads\/2025\/04\/c2-2025-04-23-01-1024x578.jpg\" alt=\"\" class=\"wp-image-1864\" srcset=\"https:\/\/ucentral.org\/informativo\/wp-content\/uploads\/2025\/04\/c2-2025-04-23-01-1024x578.jpg 1024w, https:\/\/ucentral.org\/informativo\/wp-content\/uploads\/2025\/04\/c2-2025-04-23-01-300x169.jpg 300w, https:\/\/ucentral.org\/informativo\/wp-content\/uploads\/2025\/04\/c2-2025-04-23-01-768x433.jpg 768w, https:\/\/ucentral.org\/informativo\/wp-content\/uploads\/2025\/04\/c2-2025-04-23-01-1536x867.jpg 1536w, https:\/\/ucentral.org\/informativo\/wp-content\/uploads\/2025\/04\/c2-2025-04-23-01.jpg 1600w\" sizes=\"auto, (max-width: 1024px) 100vw, 1024px\" \/><\/figure>\n\n\n\n<figure class=\"wp-block-gallery has-nested-images columns-default is-cropped wp-block-gallery-1 is-layout-flex wp-block-gallery-is-layout-flex\">\n<figure class=\"wp-block-image size-large\"><img loading=\"lazy\" decoding=\"async\" width=\"1024\" height=\"578\" data-id=\"1862\" src=\"https:\/\/ucentral.org\/informativo\/wp-content\/uploads\/2025\/04\/c2-2025-04-23-04-1024x578.jpg\" alt=\"\" class=\"wp-image-1862\" srcset=\"https:\/\/ucentral.org\/informativo\/wp-content\/uploads\/2025\/04\/c2-2025-04-23-04-1024x578.jpg 1024w, https:\/\/ucentral.org\/informativo\/wp-content\/uploads\/2025\/04\/c2-2025-04-23-04-300x169.jpg 300w, https:\/\/ucentral.org\/informativo\/wp-content\/uploads\/2025\/04\/c2-2025-04-23-04-768x433.jpg 768w, https:\/\/ucentral.org\/informativo\/wp-content\/uploads\/2025\/04\/c2-2025-04-23-04-1536x867.jpg 1536w, https:\/\/ucentral.org\/informativo\/wp-content\/uploads\/2025\/04\/c2-2025-04-23-04.jpg 1600w\" sizes=\"auto, (max-width: 1024px) 100vw, 1024px\" \/><\/figure>\n\n\n\n<figure class=\"wp-block-image size-large\"><img loading=\"lazy\" decoding=\"async\" width=\"1024\" height=\"578\" data-id=\"1863\" src=\"https:\/\/ucentral.org\/informativo\/wp-content\/uploads\/2025\/04\/c2-2025-04-23-05-1024x578.jpg\" alt=\"\" class=\"wp-image-1863\" srcset=\"https:\/\/ucentral.org\/informativo\/wp-content\/uploads\/2025\/04\/c2-2025-04-23-05-1024x578.jpg 1024w, https:\/\/ucentral.org\/informativo\/wp-content\/uploads\/2025\/04\/c2-2025-04-23-05-300x169.jpg 300w, https:\/\/ucentral.org\/informativo\/wp-content\/uploads\/2025\/04\/c2-2025-04-23-05-768x433.jpg 768w, https:\/\/ucentral.org\/informativo\/wp-content\/uploads\/2025\/04\/c2-2025-04-23-05-1536x867.jpg 1536w, https:\/\/ucentral.org\/informativo\/wp-content\/uploads\/2025\/04\/c2-2025-04-23-05.jpg 1600w\" sizes=\"auto, (max-width: 1024px) 100vw, 1024px\" \/><\/figure>\n<\/figure>\n\n\n\n<figure class=\"wp-block-image size-large\"><img loading=\"lazy\" decoding=\"async\" width=\"1024\" height=\"578\" src=\"https:\/\/ucentral.org\/informativo\/wp-content\/uploads\/2025\/04\/c2-2025-04-23-06b-1024x578.jpg\" alt=\"\" class=\"wp-image-1865\" srcset=\"https:\/\/ucentral.org\/informativo\/wp-content\/uploads\/2025\/04\/c2-2025-04-23-06b-1024x578.jpg 1024w, https:\/\/ucentral.org\/informativo\/wp-content\/uploads\/2025\/04\/c2-2025-04-23-06b-300x169.jpg 300w, https:\/\/ucentral.org\/informativo\/wp-content\/uploads\/2025\/04\/c2-2025-04-23-06b-768x433.jpg 768w, https:\/\/ucentral.org\/informativo\/wp-content\/uploads\/2025\/04\/c2-2025-04-23-06b-1536x867.jpg 1536w, https:\/\/ucentral.org\/informativo\/wp-content\/uploads\/2025\/04\/c2-2025-04-23-06b.jpg 1600w\" sizes=\"auto, (max-width: 1024px) 100vw, 1024px\" \/><\/figure>\n\n\n\n<p>El acto de inauguraci\u00f3n cont\u00f3 con la presencia de las m\u00e1ximas autoridades de la universidad, el <strong>Dr. Patricio Espinosa Del Pozo<\/strong>, Rector de la Universidad Central del Ecuador, la <strong>Dra. Julieta Logro\u00f1o<\/strong>, Vicerrectora Acad\u00e9mica y de Posgrado, miembros del Comit\u00e9 Organizador: <strong><strong>V\u00edctor S\u00e1nchez<\/strong><\/strong>, <strong>Karla Vallejo, Franz Del Pozo<\/strong>, Decanos de las Facultades y Directores de Centros e Institutos Acad\u00e9micos y de Investigaci\u00f3n.<\/p>\n\n\n\n<p>El programa del primer d\u00eda abord\u00f3 tem\u00e1ticas clave:<\/p>\n\n\n\n<h3 class=\"wp-block-heading\"><strong>\u00c1rea de Ciencias de la Salud<\/strong><\/h3>\n\n\n\n<figure class=\"wp-block-image size-full\"><img loading=\"lazy\" decoding=\"async\" width=\"818\" height=\"767\" src=\"https:\/\/ucentral.org\/informativo\/wp-content\/uploads\/2025\/04\/c2-2025-04-23-07.jpg\" alt=\"\" class=\"wp-image-1859\" srcset=\"https:\/\/ucentral.org\/informativo\/wp-content\/uploads\/2025\/04\/c2-2025-04-23-07.jpg 818w, https:\/\/ucentral.org\/informativo\/wp-content\/uploads\/2025\/04\/c2-2025-04-23-07-300x281.jpg 300w, https:\/\/ucentral.org\/informativo\/wp-content\/uploads\/2025\/04\/c2-2025-04-23-07-768x720.jpg 768w\" sizes=\"auto, (max-width: 818px) 100vw, 818px\" \/><\/figure>\n\n\n\n<h3 class=\"wp-block-heading\"><strong>\u00c1rea de Ciencias Sociales y Humanas<\/strong><\/h3>\n\n\n\n<figure class=\"wp-block-image size-full\"><img loading=\"lazy\" decoding=\"async\" width=\"819\" height=\"751\" src=\"https:\/\/ucentral.org\/informativo\/wp-content\/uploads\/2025\/04\/c2-2025-04-23-08.jpg\" alt=\"\" class=\"wp-image-1860\" srcset=\"https:\/\/ucentral.org\/informativo\/wp-content\/uploads\/2025\/04\/c2-2025-04-23-08.jpg 819w, https:\/\/ucentral.org\/informativo\/wp-content\/uploads\/2025\/04\/c2-2025-04-23-08-300x275.jpg 300w, https:\/\/ucentral.org\/informativo\/wp-content\/uploads\/2025\/04\/c2-2025-04-23-08-768x704.jpg 768w\" sizes=\"auto, (max-width: 819px) 100vw, 819px\" \/><\/figure>\n\n\n\n<h3 class=\"wp-block-heading\"><strong>\u00c1rea de Ciencias Formales, Naturales e Ingenier\u00eda<\/strong><\/h3>\n\n\n\n<figure class=\"wp-block-image size-full\"><img loading=\"lazy\" decoding=\"async\" width=\"820\" height=\"903\" src=\"https:\/\/ucentral.org\/informativo\/wp-content\/uploads\/2025\/04\/c2-2025-04-23-09.jpg\" alt=\"\" class=\"wp-image-1861\" srcset=\"https:\/\/ucentral.org\/informativo\/wp-content\/uploads\/2025\/04\/c2-2025-04-23-09.jpg 820w, https:\/\/ucentral.org\/informativo\/wp-content\/uploads\/2025\/04\/c2-2025-04-23-09-272x300.jpg 272w, https:\/\/ucentral.org\/informativo\/wp-content\/uploads\/2025\/04\/c2-2025-04-23-09-768x846.jpg 768w\" sizes=\"auto, (max-width: 820px) 100vw, 820px\" \/><\/figure>\n\n\n\n<p>Adem\u00e1s, el evento incluy\u00f3 conversatorios y la participaci\u00f3n de cient\u00edficos de varios pa\u00edses, lo que enriqueci\u00f3 el intercambio de conocimientos y experiencias. <\/p>\n\n\n\n<p>La retransmisi\u00f3n en vivo a trav\u00e9s de las redes sociales permiti\u00f3 que personas de todo el mundo se unieran a este espacio de divulgaci\u00f3n cient\u00edfica.<\/p>\n\n\n\n<p>El Congreso es el resultado del esfuerzo conjunto de las autoridades principales de la Universidad Central del Ecuador, sus 21 Facultades y las direcciones acad\u00e9micas y de investigaci\u00f3n. <\/p>\n\n\n\n<p>Invitamos a la comunidad universitaria y al p\u00fablico en general a aprovechar los pr\u00f3ximos dos d\u00edas de este evento, que promete seguir brindando oportunidades de intercambio y establecimiento de redes.<\/p>\n\n\n\n<p class=\"has-vivid-cyan-blue-color has-text-color has-link-color has-medium-font-size wp-elements-923a2c0da8f5692e841cb7ff99268785\">\u00a1No te pierdas esta oportunidad de ser parte del I Congreso Internacional Ciencia Central!<\/p>\n\n\n\n<figure class=\"wp-block-image size-large\"><img loading=\"lazy\" decoding=\"async\" width=\"1024\" height=\"569\" src=\"https:\/\/ucentral.org\/informativo\/wp-content\/uploads\/2025\/04\/c2-2025-04-23-21-1-1024x569.jpg\" alt=\"\" class=\"wp-image-1869\" srcset=\"https:\/\/ucentral.org\/informativo\/wp-content\/uploads\/2025\/04\/c2-2025-04-23-21-1-1024x569.jpg 1024w, https:\/\/ucentral.org\/informativo\/wp-content\/uploads\/2025\/04\/c2-2025-04-23-21-1-300x167.jpg 300w, https:\/\/ucentral.org\/informativo\/wp-content\/uploads\/2025\/04\/c2-2025-04-23-21-1-768x427.jpg 768w, https:\/\/ucentral.org\/informativo\/wp-content\/uploads\/2025\/04\/c2-2025-04-23-21-1.jpg 1280w\" sizes=\"auto, (max-width: 1024px) 100vw, 1024px\" \/><\/figure>\n\n\n\n<figure class=\"wp-block-gallery has-nested-images columns-default is-cropped wp-block-gallery-2 is-layout-flex wp-block-gallery-is-layout-flex\">\n<figure class=\"wp-block-image size-large\"><img loading=\"lazy\" decoding=\"async\" width=\"1024\" height=\"600\" data-id=\"1866\" src=\"https:\/\/ucentral.org\/informativo\/wp-content\/uploads\/2025\/04\/c2-2025-04-23-22-1024x600.jpg\" alt=\"\" class=\"wp-image-1866\" srcset=\"https:\/\/ucentral.org\/informativo\/wp-content\/uploads\/2025\/04\/c2-2025-04-23-22-1024x600.jpg 1024w, https:\/\/ucentral.org\/informativo\/wp-content\/uploads\/2025\/04\/c2-2025-04-23-22-300x176.jpg 300w, https:\/\/ucentral.org\/informativo\/wp-content\/uploads\/2025\/04\/c2-2025-04-23-22-768x450.jpg 768w, https:\/\/ucentral.org\/informativo\/wp-content\/uploads\/2025\/04\/c2-2025-04-23-22.jpg 1217w\" sizes=\"auto, (max-width: 1024px) 100vw, 1024px\" \/><\/figure>\n\n\n\n<figure class=\"wp-block-image size-large\"><img loading=\"lazy\" decoding=\"async\" width=\"1024\" height=\"558\" data-id=\"1868\" src=\"https:\/\/ucentral.org\/informativo\/wp-content\/uploads\/2025\/04\/c2-2025-04-23-23-1024x558.jpg\" alt=\"\" class=\"wp-image-1868\" srcset=\"https:\/\/ucentral.org\/informativo\/wp-content\/uploads\/2025\/04\/c2-2025-04-23-23-1024x558.jpg 1024w, https:\/\/ucentral.org\/informativo\/wp-content\/uploads\/2025\/04\/c2-2025-04-23-23-300x163.jpg 300w, https:\/\/ucentral.org\/informativo\/wp-content\/uploads\/2025\/04\/c2-2025-04-23-23-768x418.jpg 768w, https:\/\/ucentral.org\/informativo\/wp-content\/uploads\/2025\/04\/c2-2025-04-23-23.jpg 1280w\" sizes=\"auto, (max-width: 1024px) 100vw, 1024px\" \/><\/figure>\n<\/figure>\n","protected":false},"excerpt":{"rendered":"<p>Hoy 23 de abril, se inaugur\u00f3 el I Congreso Internacional Ciencia Central, un evento hist\u00f3rico organizado por la Universidad Central del Ecuador, que re\u00fane a investigadores, docentes, estudiantes y profesionales de todas las disciplinas en un espacio de intercambio de conocimiento, innovaci\u00f3n y colaboraci\u00f3n. Este Congreso, que se desarrolla en tres auditorios de la universidad, [&hellip;]<\/p>\n","protected":false},"author":2,"featured_media":1864,"comment_status":"closed","ping_status":"closed","sticky":false,"template":"","format":"standard","meta":{"footnotes":""},"categories":[112,13,164,41,6,73],"tags":[161],"class_list":["post-1858","post","type-post","status-publish","format-standard","has-post-thumbnail","hentry","category-ciencia-central","category-cursos-seminarios","category-eventos","category-investigacion","category-noticias","category-webinar","tag-ciencia-central"],"_links":{"self":[{"href":"https:\/\/ucentral.org\/informativo\/index.php\/wp-json\/wp\/v2\/posts\/1858","targetHints":{"allow":["GET"]}}],"collection":[{"href":"https:\/\/ucentral.org\/informativo\/index.php\/wp-json\/wp\/v2\/posts"}],"about":[{"href":"https:\/\/ucentral.org\/informativo\/index.php\/wp-json\/wp\/v2\/types\/post"}],"author":[{"embeddable":true,"href":"https:\/\/ucentral.org\/informativo\/index.php\/wp-json\/wp\/v2\/users\/2"}],"replies":[{"embeddable":true,"href":"https:\/\/ucentral.org\/informativo\/index.php\/wp-json\/wp\/v2\/comments?post=1858"}],"version-history":[{"count":3,"href":"https:\/\/ucentral.org\/informativo\/index.php\/wp-json\/wp\/v2\/posts\/1858\/revisions"}],"predecessor-version":[{"id":1872,"href":"https:\/\/ucentral.org\/informativo\/index.php\/wp-json\/wp\/v2\/posts\/1858\/revisions\/1872"}],"wp:featuredmedia":[{"embeddable":true,"href":"https:\/\/ucentral.org\/informativo\/index.php\/wp-json\/wp\/v2\/media\/1864"}],"wp:attachment":[{"href":"https:\/\/ucentral.org\/informativo\/index.php\/wp-json\/wp\/v2\/media?parent=1858"}],"wp:term":[{"taxonomy":"category","embeddable":true,"href":"https:\/\/ucentral.org\/informativo\/index.php\/wp-json\/wp\/v2\/categories?post=1858"},{"taxonomy":"post_tag","embeddable":true,"href":"https:\/\/ucentral.org\/informativo\/index.php\/wp-json\/wp\/v2\/tags?post=1858"}],"curies":[{"name":"wp","href":"https:\/\/api.w.org\/{rel}","templated":true}]}}