{"id":1873,"date":"2025-05-06T00:45:19","date_gmt":"2025-05-06T05:45:19","guid":{"rendered":"https:\/\/ucentral.org\/informativo\/?p=1873"},"modified":"2025-05-06T00:45:19","modified_gmt":"2025-05-06T05:45:19","slug":"acuerdo-de-colaboracion-entre-el-centro-de-fisica-y-la-facultad-de-ciencias","status":"publish","type":"post","link":"https:\/\/ucentral.org\/informativo\/index.php\/2025\/05\/06\/acuerdo-de-colaboracion-entre-el-centro-de-fisica-y-la-facultad-de-ciencias\/","title":{"rendered":"Acuerdo de colaboraci\u00f3n entre el Centro de F\u00edsica y la Facultad de Ciencias"},"content":{"rendered":"\n<p>El 23 de abril de 2025, el Centro de F\u00edsica de la UCE y la Facultad de Ciencias, firmaron un acuerdo de colaboraci\u00f3n en investigaci\u00f3n, innovaci\u00f3n y programas acad\u00e9micos. Con este acuerdo, estudiantes, profesores e investigadores podr\u00e1n trabajar juntos en proyectos, usar laboratorios y equipos especializados, y compartir sus avances.<\/p>\n","protected":false},"excerpt":{"rendered":"<p>El 23 de abril de 2025, el Centro de F\u00edsica de la UCE y la Facultad de Ciencias, firmaron un acuerdo de colaboraci\u00f3n en investigaci\u00f3n, innovaci\u00f3n y programas acad\u00e9micos. Con este acuerdo, estudiantes, profesores e investigadores podr\u00e1n trabajar juntos en proyectos, usar laboratorios y equipos especializados, y compartir sus avances.<\/p>\n","protected":false},"author":2,"featured_media":1874,"comment_status":"closed","ping_status":"closed","sticky":false,"template":"","format":"standard","meta":{"footnotes":""},"categories":[181,197,6],"tags":[364,149],"class_list":["post-1873","post","type-post","status-publish","format-standard","has-post-thumbnail","hentry","category-convenios","category-gestion","category-noticias","tag-centro-de-fisica","tag-facultad-de-ciencias"],"_links":{"self":[{"href":"https:\/\/ucentral.org\/informativo\/index.php\/wp-json\/wp\/v2\/posts\/1873","targetHints":{"allow":["GET"]}}],"collection":[{"href":"https:\/\/ucentral.org\/informativo\/index.php\/wp-json\/wp\/v2\/posts"}],"about":[{"href":"https:\/\/ucentral.org\/informativo\/index.php\/wp-json\/wp\/v2\/types\/post"}],"author":[{"embeddable":true,"href":"https:\/\/ucentral.org\/informativo\/index.php\/wp-json\/wp\/v2\/users\/2"}],"replies":[{"embeddable":true,"href":"https:\/\/ucentral.org\/informativo\/index.php\/wp-json\/wp\/v2\/comments?post=1873"}],"version-history":[{"count":1,"href":"https:\/\/ucentral.org\/informativo\/index.php\/wp-json\/wp\/v2\/posts\/1873\/revisions"}],"predecessor-version":[{"id":1875,"href":"https:\/\/ucentral.org\/informativo\/index.php\/wp-json\/wp\/v2\/posts\/1873\/revisions\/1875"}],"wp:featuredmedia":[{"embeddable":true,"href":"https:\/\/ucentral.org\/informativo\/index.php\/wp-json\/wp\/v2\/media\/1874"}],"wp:attachment":[{"href":"https:\/\/ucentral.org\/informativo\/index.php\/wp-json\/wp\/v2\/media?parent=1873"}],"wp:term":[{"taxonomy":"category","embeddable":true,"href":"https:\/\/ucentral.org\/informativo\/index.php\/wp-json\/wp\/v2\/categories?post=1873"},{"taxonomy":"post_tag","embeddable":true,"href":"https:\/\/ucentral.org\/informativo\/index.php\/wp-json\/wp\/v2\/tags?post=1873"}],"curies":[{"name":"wp","href":"https:\/\/api.w.org\/{rel}","templated":true}]}}