{"id":1887,"date":"2025-05-06T10:59:14","date_gmt":"2025-05-06T15:59:14","guid":{"rendered":"https:\/\/ucentral.org\/informativo\/?p=1887"},"modified":"2025-05-06T11:07:02","modified_gmt":"2025-05-06T16:07:02","slug":"aprovecha-la-oportunidad-de-crecer-profesionalmente","status":"publish","type":"post","link":"https:\/\/ucentral.org\/informativo\/index.php\/2025\/05\/06\/aprovecha-la-oportunidad-de-crecer-profesionalmente\/","title":{"rendered":"\u00a1Aprovecha la oportunidad de crecer profesionalmente!"},"content":{"rendered":"\n<p>\u00bfEst\u00e1s listo para dar el siguiente paso en tu carrera? La Facultad de Ciencias de la Universidad Central del Ecuador te invita a inscribirte en nuestras pr\u00e1cticas preprofesionales, una puerta hacia el mundo laboral que te permitir\u00e1 aplicar tus conocimientos en entornos reales y adquirir experiencia valiosa. <\/p>\n\n\n\n<p>Gracias al trabajo realizado en este a\u00f1o, m\u00e1s de 20 acuerdos y convenios con prestigiosas organizaciones han sido suscritos.<\/p>\n\n\n\n<p>Tendr\u00e1s la oportunidad de trabajar en empresas e instituciones l\u00edderes, desarrollar habilidades pr\u00e1cticas y construir una red de contactos que impulsar\u00e1 tu futuro profesional. <\/p>\n\n\n\n<p class=\"has-text-align-center has-vivid-cyan-blue-color has-text-color has-link-color has-large-font-size wp-elements-f84b91cb6b7d7179b254dc8d55dd9b8f\">\u00a1Inscr\u00edbete hoy!<\/p>\n\n\n\n<p class=\"has-text-align-center has-large-font-size\"><strong><a href=\"https:\/\/ucentral.org\/informativo\/index.php\/facultad-de-ciencias\/inscribete-para-postular-a-practicas-preprofesionales\/\" data-type=\"link\" data-id=\"https:\/\/ucentral.org\/informativo\/index.php\/facultad-de-ciencias\/inscribete-para-postular-a-practicas-preprofesionales\/\" target=\"_blank\" rel=\"noreferrer noopener\">clic aqu\u00ed<\/a><\/strong><\/p>\n","protected":false},"excerpt":{"rendered":"<p>\u00bfEst\u00e1s listo para dar el siguiente paso en tu carrera? La Facultad de Ciencias de la Universidad Central del Ecuador te invita a inscribirte en nuestras pr\u00e1cticas preprofesionales, una puerta hacia el mundo laboral que te permitir\u00e1 aplicar tus conocimientos en entornos reales y adquirir experiencia valiosa. Gracias al trabajo realizado en este a\u00f1o, m\u00e1s [&hellip;]<\/p>\n","protected":false},"author":2,"featured_media":1888,"comment_status":"closed","ping_status":"closed","sticky":false,"template":"","format":"standard","meta":{"footnotes":""},"categories":[213,6,296],"tags":[277],"class_list":["post-1887","post","type-post","status-publish","format-standard","has-post-thumbnail","hentry","category-convocatoria","category-noticias","category-practicas-preprofesionales","tag-practicas-preprofesionales"],"_links":{"self":[{"href":"https:\/\/ucentral.org\/informativo\/index.php\/wp-json\/wp\/v2\/posts\/1887","targetHints":{"allow":["GET"]}}],"collection":[{"href":"https:\/\/ucentral.org\/informativo\/index.php\/wp-json\/wp\/v2\/posts"}],"about":[{"href":"https:\/\/ucentral.org\/informativo\/index.php\/wp-json\/wp\/v2\/types\/post"}],"author":[{"embeddable":true,"href":"https:\/\/ucentral.org\/informativo\/index.php\/wp-json\/wp\/v2\/users\/2"}],"replies":[{"embeddable":true,"href":"https:\/\/ucentral.org\/informativo\/index.php\/wp-json\/wp\/v2\/comments?post=1887"}],"version-history":[{"count":2,"href":"https:\/\/ucentral.org\/informativo\/index.php\/wp-json\/wp\/v2\/posts\/1887\/revisions"}],"predecessor-version":[{"id":1891,"href":"https:\/\/ucentral.org\/informativo\/index.php\/wp-json\/wp\/v2\/posts\/1887\/revisions\/1891"}],"wp:featuredmedia":[{"embeddable":true,"href":"https:\/\/ucentral.org\/informativo\/index.php\/wp-json\/wp\/v2\/media\/1888"}],"wp:attachment":[{"href":"https:\/\/ucentral.org\/informativo\/index.php\/wp-json\/wp\/v2\/media?parent=1887"}],"wp:term":[{"taxonomy":"category","embeddable":true,"href":"https:\/\/ucentral.org\/informativo\/index.php\/wp-json\/wp\/v2\/categories?post=1887"},{"taxonomy":"post_tag","embeddable":true,"href":"https:\/\/ucentral.org\/informativo\/index.php\/wp-json\/wp\/v2\/tags?post=1887"}],"curies":[{"name":"wp","href":"https:\/\/api.w.org\/{rel}","templated":true}]}}