{"id":1908,"date":"2025-05-13T19:54:20","date_gmt":"2025-05-14T00:54:20","guid":{"rendered":"https:\/\/ucentral.org\/informativo\/?p=1908"},"modified":"2025-05-13T20:18:49","modified_gmt":"2025-05-14T01:18:49","slug":"canastas-solidarias-para-nuestros-estudiantes-mas-vulnerables","status":"publish","type":"post","link":"https:\/\/ucentral.org\/informativo\/index.php\/2025\/05\/13\/canastas-solidarias-para-nuestros-estudiantes-mas-vulnerables\/","title":{"rendered":"Canastas solidarias para nuestros estudiantes en condiciones de vulnerabilidad"},"content":{"rendered":"\n<p>En un esfuerzo por mejorar el bienestar y el desarrollo acad\u00e9mico de nuestros estudiantes, la Facultad de Ciencias de la Universidad Central del Ecuador (UCE) ha logrado incluir a 10 de sus estudiantes en condiciones de vulnerabilidad en el programa de Canastas Solidarias, una iniciativa liderada por la Facultad de Ciencias Agr\u00edcolas en colaboraci\u00f3n con la Empresa P\u00fablica Metropolitana Mercado Mayorista de Quito (MMQ-EP).<\/p>\n\n\n\n<p>El programa Canastas Solidarias UCE, iniciado en diciembre de 2024, tiene como objetivo principal garantizar la seguridad alimentaria de los estudiantes en situaci\u00f3n de vulnerabilidad. A trav\u00e9s de la recolecci\u00f3n y distribuci\u00f3n de productos agroalimentarios donados por comerciantes del Mercado Mayorista, el programa no solo reduce el desperdicio de alimentos, sino que tambi\u00e9n brinda apoyo alimentario a quienes m\u00e1s lo necesitan.<\/p>\n\n\n\n<p>La Facultad de Ciencias agradece a la Facultad de Ciencias Agr\u00edcolas por su apoyo para aliviar las dificultades econ\u00f3micas de nuestros estudiantes, fomentando una cultura de solidaridad, compromiso social y colaboraci\u00f3n entre ambas Facultades.<\/p>\n","protected":false},"excerpt":{"rendered":"<p>En un esfuerzo por mejorar el bienestar y el desarrollo acad\u00e9mico de nuestros estudiantes, la Facultad de Ciencias de la Universidad Central del Ecuador (UCE) ha logrado incluir a 10 de sus estudiantes en condiciones de vulnerabilidad en el programa de Canastas Solidarias, una iniciativa liderada por la Facultad de Ciencias Agr\u00edcolas en colaboraci\u00f3n con [&hellip;]<\/p>\n","protected":false},"author":2,"featured_media":1910,"comment_status":"closed","ping_status":"closed","sticky":false,"template":"","format":"standard","meta":{"footnotes":""},"categories":[214,197,6],"tags":[372,149,351],"class_list":["post-1908","post","type-post","status-publish","format-standard","has-post-thumbnail","hentry","category-beneficios","category-gestion","category-noticias","tag-canastas-solidarias","tag-facultad-de-ciencias","tag-facultad-de-ciencias-agricolas"],"_links":{"self":[{"href":"https:\/\/ucentral.org\/informativo\/index.php\/wp-json\/wp\/v2\/posts\/1908","targetHints":{"allow":["GET"]}}],"collection":[{"href":"https:\/\/ucentral.org\/informativo\/index.php\/wp-json\/wp\/v2\/posts"}],"about":[{"href":"https:\/\/ucentral.org\/informativo\/index.php\/wp-json\/wp\/v2\/types\/post"}],"author":[{"embeddable":true,"href":"https:\/\/ucentral.org\/informativo\/index.php\/wp-json\/wp\/v2\/users\/2"}],"replies":[{"embeddable":true,"href":"https:\/\/ucentral.org\/informativo\/index.php\/wp-json\/wp\/v2\/comments?post=1908"}],"version-history":[{"count":4,"href":"https:\/\/ucentral.org\/informativo\/index.php\/wp-json\/wp\/v2\/posts\/1908\/revisions"}],"predecessor-version":[{"id":1915,"href":"https:\/\/ucentral.org\/informativo\/index.php\/wp-json\/wp\/v2\/posts\/1908\/revisions\/1915"}],"wp:featuredmedia":[{"embeddable":true,"href":"https:\/\/ucentral.org\/informativo\/index.php\/wp-json\/wp\/v2\/media\/1910"}],"wp:attachment":[{"href":"https:\/\/ucentral.org\/informativo\/index.php\/wp-json\/wp\/v2\/media?parent=1908"}],"wp:term":[{"taxonomy":"category","embeddable":true,"href":"https:\/\/ucentral.org\/informativo\/index.php\/wp-json\/wp\/v2\/categories?post=1908"},{"taxonomy":"post_tag","embeddable":true,"href":"https:\/\/ucentral.org\/informativo\/index.php\/wp-json\/wp\/v2\/tags?post=1908"}],"curies":[{"name":"wp","href":"https:\/\/api.w.org\/{rel}","templated":true}]}}