{"id":1948,"date":"2025-05-22T09:23:08","date_gmt":"2025-05-22T14:23:08","guid":{"rendered":"https:\/\/ucentral.org\/informativo\/?p=1948"},"modified":"2025-05-22T09:43:19","modified_gmt":"2025-05-22T14:43:19","slug":"canastas-solidarias-ya-es-una-realidad","status":"publish","type":"post","link":"https:\/\/ucentral.org\/informativo\/index.php\/2025\/05\/22\/canastas-solidarias-ya-es-una-realidad\/","title":{"rendered":"\u00a1Canastas solidarias ya es una realidad!"},"content":{"rendered":"\n<p>Ayer 21 de mayo, se llev\u00f3 a cabo la primera entrega de la Canasta Solidaria a nuestros estudiantes en condiciones de vulnerabilidad, una iniciativa posible gracias a la colaboraci\u00f3n entre la Facultad de Ciencias Agr\u00edcolas y la Empresa P\u00fablica Metropolitana Mercado Mayorista de Quito (MMQ-EP). Este esfuerzo conjunto busca aliviar las dificultades econ\u00f3micas que enfrentan muchos de nuestros estudiantes, garantizando su acceso a alimentos nutritivos y apoyando su bienestar y rendimiento acad\u00e9mico.<\/p>\n\n\n\n<p>Queremos expresar nuestro m\u00e1s profundo agradecimiento a la Facultad de Ciencias Agr\u00edcolas y a la MMQ-EP por su compromiso y solidaridad. Gracias a su apoyo, podemos dar un paso significativo hacia la seguridad alimentaria de nuestros estudiantes, promoviendo un ambiente acad\u00e9mico m\u00e1s justo e inclusivo. Esta iniciativa no solo refleja el esp\u00edritu de colaboraci\u00f3n y responsabilidad social de ambas instituciones, sino que tambi\u00e9n fortalece nuestra comunidad universitaria.<\/p>\n\n\n\n<figure class=\"wp-block-gallery has-nested-images columns-default is-cropped wp-block-gallery-1 is-layout-flex wp-block-gallery-is-layout-flex\">\n<figure class=\"wp-block-image size-large\"><img loading=\"lazy\" decoding=\"async\" width=\"793\" height=\"961\" data-id=\"1949\" src=\"https:\/\/ucentral.org\/informativo\/wp-content\/uploads\/2025\/05\/canastas02.jpg\" alt=\"\" class=\"wp-image-1949\" srcset=\"https:\/\/ucentral.org\/informativo\/wp-content\/uploads\/2025\/05\/canastas02.jpg 793w, https:\/\/ucentral.org\/informativo\/wp-content\/uploads\/2025\/05\/canastas02-248x300.jpg 248w, https:\/\/ucentral.org\/informativo\/wp-content\/uploads\/2025\/05\/canastas02-768x931.jpg 768w\" sizes=\"auto, (max-width: 793px) 100vw, 793px\" \/><\/figure>\n\n\n\n<figure class=\"wp-block-image size-large\"><img loading=\"lazy\" decoding=\"async\" width=\"754\" height=\"1021\" data-id=\"1950\" src=\"https:\/\/ucentral.org\/informativo\/wp-content\/uploads\/2025\/05\/canastas03.jpg\" alt=\"\" class=\"wp-image-1950\" srcset=\"https:\/\/ucentral.org\/informativo\/wp-content\/uploads\/2025\/05\/canastas03.jpg 754w, https:\/\/ucentral.org\/informativo\/wp-content\/uploads\/2025\/05\/canastas03-222x300.jpg 222w\" sizes=\"auto, (max-width: 754px) 100vw, 754px\" \/><\/figure>\n<\/figure>\n\n\n\n<figure class=\"wp-block-gallery has-nested-images columns-default is-cropped wp-block-gallery-2 is-layout-flex wp-block-gallery-is-layout-flex\">\n<figure class=\"wp-block-image size-large\"><img loading=\"lazy\" decoding=\"async\" width=\"865\" height=\"439\" data-id=\"1951\" src=\"https:\/\/ucentral.org\/informativo\/wp-content\/uploads\/2025\/05\/canastas04.jpg\" alt=\"\" class=\"wp-image-1951\" srcset=\"https:\/\/ucentral.org\/informativo\/wp-content\/uploads\/2025\/05\/canastas04.jpg 865w, https:\/\/ucentral.org\/informativo\/wp-content\/uploads\/2025\/05\/canastas04-300x152.jpg 300w, https:\/\/ucentral.org\/informativo\/wp-content\/uploads\/2025\/05\/canastas04-768x390.jpg 768w\" sizes=\"auto, (max-width: 865px) 100vw, 865px\" \/><\/figure>\n<\/figure>\n\n\n\n<figure class=\"wp-block-image size-full\"><img loading=\"lazy\" decoding=\"async\" width=\"1024\" height=\"768\" src=\"https:\/\/ucentral.org\/informativo\/wp-content\/uploads\/2025\/05\/canastas01.jpg\" alt=\"\" class=\"wp-image-1910\" srcset=\"https:\/\/ucentral.org\/informativo\/wp-content\/uploads\/2025\/05\/canastas01.jpg 1024w, https:\/\/ucentral.org\/informativo\/wp-content\/uploads\/2025\/05\/canastas01-300x225.jpg 300w, https:\/\/ucentral.org\/informativo\/wp-content\/uploads\/2025\/05\/canastas01-768x576.jpg 768w, https:\/\/ucentral.org\/informativo\/wp-content\/uploads\/2025\/05\/canastas01-136x102.jpg 136w\" sizes=\"auto, (max-width: 1024px) 100vw, 1024px\" \/><\/figure>\n","protected":false},"excerpt":{"rendered":"<p>Ayer 21 de mayo, se llev\u00f3 a cabo la primera entrega de la Canasta Solidaria a nuestros estudiantes en condiciones de vulnerabilidad, una iniciativa posible gracias a la colaboraci\u00f3n entre la Facultad de Ciencias Agr\u00edcolas y la Empresa P\u00fablica Metropolitana Mercado Mayorista de Quito (MMQ-EP). Este esfuerzo conjunto busca aliviar las dificultades econ\u00f3micas que enfrentan [&hellip;]<\/p>\n","protected":false},"author":2,"featured_media":1953,"comment_status":"closed","ping_status":"closed","sticky":false,"template":"","format":"standard","meta":{"footnotes":""},"categories":[164,197,6],"tags":[375,372],"class_list":["post-1948","post","type-post","status-publish","format-standard","has-post-thumbnail","hentry","category-eventos","category-gestion","category-noticias","tag-bienestar","tag-canastas-solidarias"],"_links":{"self":[{"href":"https:\/\/ucentral.org\/informativo\/index.php\/wp-json\/wp\/v2\/posts\/1948","targetHints":{"allow":["GET"]}}],"collection":[{"href":"https:\/\/ucentral.org\/informativo\/index.php\/wp-json\/wp\/v2\/posts"}],"about":[{"href":"https:\/\/ucentral.org\/informativo\/index.php\/wp-json\/wp\/v2\/types\/post"}],"author":[{"embeddable":true,"href":"https:\/\/ucentral.org\/informativo\/index.php\/wp-json\/wp\/v2\/users\/2"}],"replies":[{"embeddable":true,"href":"https:\/\/ucentral.org\/informativo\/index.php\/wp-json\/wp\/v2\/comments?post=1948"}],"version-history":[{"count":3,"href":"https:\/\/ucentral.org\/informativo\/index.php\/wp-json\/wp\/v2\/posts\/1948\/revisions"}],"predecessor-version":[{"id":1957,"href":"https:\/\/ucentral.org\/informativo\/index.php\/wp-json\/wp\/v2\/posts\/1948\/revisions\/1957"}],"wp:featuredmedia":[{"embeddable":true,"href":"https:\/\/ucentral.org\/informativo\/index.php\/wp-json\/wp\/v2\/media\/1953"}],"wp:attachment":[{"href":"https:\/\/ucentral.org\/informativo\/index.php\/wp-json\/wp\/v2\/media?parent=1948"}],"wp:term":[{"taxonomy":"category","embeddable":true,"href":"https:\/\/ucentral.org\/informativo\/index.php\/wp-json\/wp\/v2\/categories?post=1948"},{"taxonomy":"post_tag","embeddable":true,"href":"https:\/\/ucentral.org\/informativo\/index.php\/wp-json\/wp\/v2\/tags?post=1948"}],"curies":[{"name":"wp","href":"https:\/\/api.w.org\/{rel}","templated":true}]}}