{"id":1961,"date":"2025-06-04T16:43:11","date_gmt":"2025-06-04T21:43:11","guid":{"rendered":"https:\/\/ucentral.org\/informativo\/?p=1961"},"modified":"2025-06-05T08:33:17","modified_gmt":"2025-06-05T13:33:17","slug":"tecnicos-de-las-facultades-de-ciencias-y-ciencias-agricolas-y-centro-de-fisica-realizan-levantamiento-en-campo-para-monitoreo-basado-en-iot","status":"publish","type":"post","link":"https:\/\/ucentral.org\/informativo\/index.php\/2025\/06\/04\/tecnicos-de-las-facultades-de-ciencias-y-ciencias-agricolas-y-centro-de-fisica-realizan-levantamiento-en-campo-para-monitoreo-basado-en-iot\/","title":{"rendered":"T\u00e9cnicos de las Facultades de Ciencias y Ciencias Agr\u00edcolas y Centro de F\u00edsica realizan levantamiento en campo para monitoreo basado en IoT"},"content":{"rendered":"\n<p>El pasado 30 de mayo, especialistas de las Facultades de Ciencias y Ciencias Agr\u00edcolas, junto con el Centro de F\u00edsica, llevaron a cabo el levantamiento en campo de informaci\u00f3n con el objetivo de implementar un sistema de monitoreo basado en IoT (Internet de las Cosas) para la agricultura inteligente y de precisi\u00f3n.<\/p>\n\n\n\n<p>Este esfuerzo colaborativo busca integrar tecnolog\u00edas avanzadas para optimizar los procesos agr\u00edcolas, mejorando la eficiencia y sostenibilidad en la producci\u00f3n de cultivos. <\/p>\n\n\n\n<p>La Facultad de Ciencias est\u00e1 comprometida con la innovaci\u00f3n y el desarrollo de soluciones tecnol\u00f3gicas aplicadas al sector agropecuario.<\/p>\n\n\n\n<p class=\"has-text-align-center has-vivid-cyan-blue-color has-text-color has-link-color has-large-font-size wp-elements-0a0d7484a7cff6f763ddc82562c718c9\">\u00a1Seguimos avanzando!<\/p>\n\n\n<div class=\"wp-block-image\">\n<figure class=\"aligncenter size-large\"><img loading=\"lazy\" decoding=\"async\" width=\"768\" height=\"1024\" src=\"https:\/\/ucentral.org\/informativo\/wp-content\/uploads\/2025\/06\/ucempda10-768x1024.jpg\" alt=\"\" class=\"wp-image-1962\" srcset=\"https:\/\/ucentral.org\/informativo\/wp-content\/uploads\/2025\/06\/ucempda10-768x1024.jpg 768w, https:\/\/ucentral.org\/informativo\/wp-content\/uploads\/2025\/06\/ucempda10-225x300.jpg 225w, https:\/\/ucentral.org\/informativo\/wp-content\/uploads\/2025\/06\/ucempda10-1152x1536.jpg 1152w, https:\/\/ucentral.org\/informativo\/wp-content\/uploads\/2025\/06\/ucempda10.jpg 1200w\" sizes=\"auto, (max-width: 768px) 100vw, 768px\" \/><\/figure>\n<\/div>","protected":false},"excerpt":{"rendered":"<p>El pasado 30 de mayo, especialistas de las Facultades de Ciencias y Ciencias Agr\u00edcolas, junto con el Centro de F\u00edsica, llevaron a cabo el levantamiento en campo de informaci\u00f3n con el objetivo de implementar un sistema de monitoreo basado en IoT (Internet de las Cosas) para la agricultura inteligente y de precisi\u00f3n. Este esfuerzo colaborativo [&hellip;]<\/p>\n","protected":false},"author":2,"featured_media":1963,"comment_status":"closed","ping_status":"closed","sticky":false,"template":"","format":"standard","meta":{"footnotes":""},"categories":[41,6],"tags":[377,379,378],"class_list":["post-1961","post","type-post","status-publish","format-standard","has-post-thumbnail","hentry","category-investigacion","category-noticias","tag-agriculturainteligente","tag-innovacionagricola","tag-iotenagricultura"],"_links":{"self":[{"href":"https:\/\/ucentral.org\/informativo\/index.php\/wp-json\/wp\/v2\/posts\/1961","targetHints":{"allow":["GET"]}}],"collection":[{"href":"https:\/\/ucentral.org\/informativo\/index.php\/wp-json\/wp\/v2\/posts"}],"about":[{"href":"https:\/\/ucentral.org\/informativo\/index.php\/wp-json\/wp\/v2\/types\/post"}],"author":[{"embeddable":true,"href":"https:\/\/ucentral.org\/informativo\/index.php\/wp-json\/wp\/v2\/users\/2"}],"replies":[{"embeddable":true,"href":"https:\/\/ucentral.org\/informativo\/index.php\/wp-json\/wp\/v2\/comments?post=1961"}],"version-history":[{"count":2,"href":"https:\/\/ucentral.org\/informativo\/index.php\/wp-json\/wp\/v2\/posts\/1961\/revisions"}],"predecessor-version":[{"id":1965,"href":"https:\/\/ucentral.org\/informativo\/index.php\/wp-json\/wp\/v2\/posts\/1961\/revisions\/1965"}],"wp:featuredmedia":[{"embeddable":true,"href":"https:\/\/ucentral.org\/informativo\/index.php\/wp-json\/wp\/v2\/media\/1963"}],"wp:attachment":[{"href":"https:\/\/ucentral.org\/informativo\/index.php\/wp-json\/wp\/v2\/media?parent=1961"}],"wp:term":[{"taxonomy":"category","embeddable":true,"href":"https:\/\/ucentral.org\/informativo\/index.php\/wp-json\/wp\/v2\/categories?post=1961"},{"taxonomy":"post_tag","embeddable":true,"href":"https:\/\/ucentral.org\/informativo\/index.php\/wp-json\/wp\/v2\/tags?post=1961"}],"curies":[{"name":"wp","href":"https:\/\/api.w.org\/{rel}","templated":true}]}}