{"id":1986,"date":"2025-06-15T23:58:29","date_gmt":"2025-06-16T04:58:29","guid":{"rendered":"https:\/\/ucentral.org\/informativo\/?p=1986"},"modified":"2025-06-16T08:41:48","modified_gmt":"2025-06-16T13:41:48","slug":"carrera-atletica-uce-10k","status":"publish","type":"post","link":"https:\/\/ucentral.org\/informativo\/index.php\/2025\/06\/15\/carrera-atletica-uce-10k\/","title":{"rendered":"Carrera atl\u00e9tica UCE 10k"},"content":{"rendered":"\n<p class=\"has-text-align-center has-vivid-cyan-blue-color has-text-color has-link-color has-large-font-size wp-elements-bea36e80cf99e00285cc33ae92bcdf47\">\u00a1\u00danete a la Carrera Atl\u00e9tica UCE 10K y s\u00e9 parte de este evento que celebra la identidad Centralina!<\/p>\n\n\n\n<p class=\"has-text-align-center has-vivid-cyan-blue-color has-text-color has-link-color has-large-font-size wp-elements-ecd1cf524b98cd812788c4eedb711ce8\">\u00a1Vive una experiencia inolvidable y corre con nosotros por el bienestar y la uni\u00f3n de nuestra comunidad universitaria!<\/p>\n","protected":false},"excerpt":{"rendered":"<p>\u00a1\u00danete a la Carrera Atl\u00e9tica UCE 10K y s\u00e9 parte de este evento que celebra la identidad Centralina! \u00a1Vive una experiencia inolvidable y corre con nosotros por el bienestar y la uni\u00f3n de nuestra comunidad universitaria!<\/p>\n","protected":false},"author":2,"featured_media":1987,"comment_status":"closed","ping_status":"closed","sticky":false,"template":"","format":"standard","meta":{"footnotes":""},"categories":[299,6],"tags":[380],"class_list":["post-1986","post","type-post","status-publish","format-standard","has-post-thumbnail","hentry","category-deportes","category-noticias","tag-uce-10k"],"_links":{"self":[{"href":"https:\/\/ucentral.org\/informativo\/index.php\/wp-json\/wp\/v2\/posts\/1986","targetHints":{"allow":["GET"]}}],"collection":[{"href":"https:\/\/ucentral.org\/informativo\/index.php\/wp-json\/wp\/v2\/posts"}],"about":[{"href":"https:\/\/ucentral.org\/informativo\/index.php\/wp-json\/wp\/v2\/types\/post"}],"author":[{"embeddable":true,"href":"https:\/\/ucentral.org\/informativo\/index.php\/wp-json\/wp\/v2\/users\/2"}],"replies":[{"embeddable":true,"href":"https:\/\/ucentral.org\/informativo\/index.php\/wp-json\/wp\/v2\/comments?post=1986"}],"version-history":[{"count":1,"href":"https:\/\/ucentral.org\/informativo\/index.php\/wp-json\/wp\/v2\/posts\/1986\/revisions"}],"predecessor-version":[{"id":1988,"href":"https:\/\/ucentral.org\/informativo\/index.php\/wp-json\/wp\/v2\/posts\/1986\/revisions\/1988"}],"wp:featuredmedia":[{"embeddable":true,"href":"https:\/\/ucentral.org\/informativo\/index.php\/wp-json\/wp\/v2\/media\/1987"}],"wp:attachment":[{"href":"https:\/\/ucentral.org\/informativo\/index.php\/wp-json\/wp\/v2\/media?parent=1986"}],"wp:term":[{"taxonomy":"category","embeddable":true,"href":"https:\/\/ucentral.org\/informativo\/index.php\/wp-json\/wp\/v2\/categories?post=1986"},{"taxonomy":"post_tag","embeddable":true,"href":"https:\/\/ucentral.org\/informativo\/index.php\/wp-json\/wp\/v2\/tags?post=1986"}],"curies":[{"name":"wp","href":"https:\/\/api.w.org\/{rel}","templated":true}]}}